{"id":4649,"date":"2023-03-27T10:58:47","date_gmt":"2023-03-27T08:58:47","guid":{"rendered":"https:\/\/www.baysics.de\/?p=4649"},"modified":"2023-03-27T11:29:26","modified_gmt":"2023-03-27T09:29:26","slug":"baysics-beim-tum-open-campus","status":"publish","type":"post","link":"https:\/\/www.baysics.de\/en\/baysics-beim-tum-open-campus\/","title":{"rendered":"BAYSICS beim TUM Open Campus"},"content":{"rendered":"<div data-elementor-type=\"wp-post\" data-elementor-id=\"4649\" class=\"elementor elementor-4649\">\n\t\t\t\t\t\t<section class=\"elementor-section elementor-top-section elementor-element elementor-element-cb5e10a elementor-section-boxed elementor-section-height-default elementor-section-height-default\" data-id=\"cb5e10a\" data-element_type=\"section\" data-e-type=\"section\">\n\t\t\t\t\t\t<div class=\"elementor-container elementor-column-gap-default\">\n\t\t\t\t\t<div class=\"elementor-column elementor-col-100 elementor-top-column elementor-element elementor-element-9e7123d\" data-id=\"9e7123d\" data-element_type=\"column\" data-e-type=\"column\">\n\t\t\t<div class=\"elementor-widget-wrap elementor-element-populated\">\n\t\t\t\t\t\t<div class=\"elementor-element elementor-element-bdb92fd elementor-widget elementor-widget-heading\" data-id=\"bdb92fd\" data-element_type=\"widget\" data-e-type=\"widget\" data-widget_type=\"heading.default\">\n\t\t\t\t<div class=\"elementor-widget-container\">\n\t\t\t\t\t<h1 class=\"elementor-heading-title elementor-size-default\">BAYSICS beim TUM Open Campus<\/h1>\t\t\t\t<\/div>\n\t\t\t\t<\/div>\n\t\t\t\t<div class=\"elementor-element elementor-element-f368f56 elementor-widget elementor-widget-heading\" data-id=\"f368f56\" data-element_type=\"widget\" data-e-type=\"widget\" data-widget_type=\"heading.default\">\n\t\t\t\t<div class=\"elementor-widget-container\">\n\t\t\t\t\t<h2 class=\"elementor-heading-title elementor-size-default\">am 24. M\u00e4rz 2023<\/h2>\t\t\t\t<\/div>\n\t\t\t\t<\/div>\n\t\t\t\t<div class=\"elementor-element elementor-element-5bab5e9 elementor-widget elementor-widget-image-carousel\" data-id=\"5bab5e9\" data-element_type=\"widget\" data-e-type=\"widget\" data-settings=\"{&quot;slides_to_show&quot;:&quot;2&quot;,&quot;slides_to_scroll&quot;:&quot;2&quot;,&quot;navigation&quot;:&quot;none&quot;,&quot;autoplay&quot;:&quot;yes&quot;,&quot;pause_on_hover&quot;:&quot;yes&quot;,&quot;pause_on_interaction&quot;:&quot;yes&quot;,&quot;autoplay_speed&quot;:5000,&quot;infinite&quot;:&quot;yes&quot;,&quot;speed&quot;:500}\" data-widget_type=\"image-carousel.default\">\n\t\t\t\t<div class=\"elementor-widget-container\">\n\t\t\t\t\t\t\t<div class=\"elementor-image-carousel-wrapper swiper\" role=\"region\" aria-roledescription=\"carousel\" aria-label=\"Bild Karussell\" dir=\"ltr\">\n\t\t\t<div class=\"elementor-image-carousel swiper-wrapper\" aria-live=\"off\">\n\t\t\t\t\t\t\t\t<div class=\"swiper-slide\" role=\"group\" aria-roledescription=\"slide\" aria-label=\"1 von 3\"><figure class=\"swiper-slide-inner\"><img decoding=\"async\" class=\"swiper-slide-image\" src=\"https:\/\/www.baysics.de\/wp-content\/uploads\/2023\/03\/photo1679906394-1.jpeg\" alt=\"BAYSICS Infomaterialien beim TUM Open Campus in Weihenstephan\" \/><\/figure><\/div><div class=\"swiper-slide\" role=\"group\" aria-roledescription=\"slide\" aria-label=\"2 von 3\"><figure class=\"swiper-slide-inner\"><img decoding=\"async\" class=\"swiper-slide-image\" src=\"https:\/\/www.baysics.de\/wp-content\/uploads\/2023\/03\/photo1679906394-2.jpeg\" alt=\"TUM Open Campus in Weihenstephan\" \/><\/figure><\/div><div class=\"swiper-slide\" role=\"group\" aria-roledescription=\"slide\" aria-label=\"3 von 3\"><figure class=\"swiper-slide-inner\"><img decoding=\"async\" class=\"swiper-slide-image\" src=\"https:\/\/www.baysics.de\/wp-content\/uploads\/2023\/03\/photo1679906394.jpeg\" alt=\"BAYSICS beim TUM Open Campus in Weihenstephan\" \/><\/figure><\/div>\t\t\t<\/div>\n\t\t\t\t\t\t\t\n\t\t\t\t\t\t\t\t\t<\/div>\n\t\t\t\t\t\t<\/div>\n\t\t\t\t<\/div>\n\t\t\t\t<div class=\"elementor-element elementor-element-c7762fc elementor-widget elementor-widget-spacer\" data-id=\"c7762fc\" data-element_type=\"widget\" data-e-type=\"widget\" data-widget_type=\"spacer.default\">\n\t\t\t\t<div class=\"elementor-widget-container\">\n\t\t\t\t\t\t\t<div class=\"elementor-spacer\">\n\t\t\t<div class=\"elementor-spacer-inner\"><\/div>\n\t\t<\/div>\n\t\t\t\t\t\t<\/div>\n\t\t\t\t<\/div>\n\t\t\t\t\t<\/div>\n\t\t<\/div>\n\t\t\t\t\t<\/div>\n\t\t<\/section>\n\t\t\t\t<section class=\"elementor-section elementor-top-section elementor-element elementor-element-5a5b877 elementor-section-boxed elementor-section-height-default elementor-section-height-default\" data-id=\"5a5b877\" data-element_type=\"section\" data-e-type=\"section\">\n\t\t\t\t\t\t<div class=\"elementor-container elementor-column-gap-default\">\n\t\t\t\t\t<div class=\"elementor-column elementor-col-100 elementor-top-column elementor-element elementor-element-0d8f94b\" data-id=\"0d8f94b\" data-element_type=\"column\" data-e-type=\"column\">\n\t\t\t<div class=\"elementor-widget-wrap elementor-element-populated\">\n\t\t\t\t\t\t<div class=\"elementor-element elementor-element-19a4fae elementor-widget elementor-widget-text-editor\" data-id=\"19a4fae\" data-element_type=\"widget\" data-e-type=\"widget\" data-widget_type=\"text-editor.default\">\n\t\t\t\t<div class=\"elementor-widget-container\">\n\t\t\t\t\t\t\t\t\t<p>Am 23.03.2023 war BAYSICS beim\u00a0<a href=\"https:\/\/www.tum.de\/studium\/hilfe-und-beratung\/studienorientierung\/tum-open-campus\"> TUM Open Campus\u00a0<\/a> vertreten. Dort hat die Technische Universit\u00e4t in Weihenstephan wieder ihre T\u00fcren f\u00fcr alle Studieninteressierten ge\u00f6ffnet und wir haben unsere Professur f\u00fcr \u00d6koklimatologie, wo Teilprojekt 1 und 4 von BAYSICS angesiedelt sind, vorgestellt.\u00a0<\/p><p>An unserem Stand konnten sich die Interessierten \u00fcber die Professur informieren und zwei unserer Projekte anschauen. Darunter zum einen BAYSICS mit dem Baum 4.0, dem<a href=\"https:\/\/www.natureexplorer.baysics.de\/\" target=\"_blank\" rel=\"noopener\">\u00a0 BAYSICS NatureExplorer<\/a>\u00a0und dem <a href=\"https:\/\/www.portal.baysics.de\/\">BAYSICS Portal<\/a> und zum anderen unseren neuen Klimarucksack &#8211; eine Kraxe, an welcher verschiedene Sensoren zur Messung des Microklimas am Standort des Rucksacks befestigt sind. Au\u00dferdem haben wir eine F\u00fchrung zur Klimastation auf dem Dach des Forstwissenschaftgeb\u00e4udes gegeben, wo Dr. Marvin L\u00fcpke die unterschiedlichen Messger\u00e4te vorgestellt hat.\u00a0<\/p><p>Wir haben uns sehr \u00fcber jede:n Besucher:in gefreut und hoffen ein paar von ihnen bald an der TUM begr\u00fc\u00dfen zu d\u00fcrfen.<\/p>\t\t\t\t\t\t\t\t<\/div>\n\t\t\t\t<\/div>\n\t\t\t\t\t<\/div>\n\t\t<\/div>\n\t\t\t\t\t<\/div>\n\t\t<\/section>\n\t\t\t\t<section class=\"elementor-section elementor-top-section elementor-element elementor-element-1c52e42 elementor-section-boxed elementor-section-height-default elementor-section-height-default\" data-id=\"1c52e42\" data-element_type=\"section\" data-e-type=\"section\">\n\t\t\t\t\t\t<div class=\"elementor-container elementor-column-gap-default\">\n\t\t\t\t\t<div class=\"elementor-column elementor-col-100 elementor-top-column elementor-element elementor-element-b671e38\" data-id=\"b671e38\" data-element_type=\"column\" data-e-type=\"column\">\n\t\t\t<div class=\"elementor-widget-wrap elementor-element-populated\">\n\t\t\t\t\t\t<div class=\"elementor-element elementor-element-ac04299 elementor-widget elementor-widget-spacer\" data-id=\"ac04299\" data-element_type=\"widget\" data-e-type=\"widget\" data-widget_type=\"spacer.default\">\n\t\t\t\t<div class=\"elementor-widget-container\">\n\t\t\t\t\t\t\t<div class=\"elementor-spacer\">\n\t\t\t<div class=\"elementor-spacer-inner\"><\/div>\n\t\t<\/div>\n\t\t\t\t\t\t<\/div>\n\t\t\t\t<\/div>\n\t\t\t\t<div class=\"elementor-element elementor-element-bb7ec3a elementor-widget elementor-widget-button\" data-id=\"bb7ec3a\" data-element_type=\"widget\" data-e-type=\"widget\" data-widget_type=\"button.default\">\n\t\t\t\t<div class=\"elementor-widget-container\">\n\t\t\t\t\t\t\t\t\t<div class=\"elementor-button-wrapper\">\n\t\t\t\t\t<a class=\"elementor-button elementor-button-link elementor-size-xs elementor-animation-grow\" href=\"https:\/\/www.baysics.de\/en\/neuigkeiten\/\">\n\t\t\t\t\t\t<span class=\"elementor-button-content-wrapper\">\n\t\t\t\t\t\t<span class=\"elementor-button-icon\">\n\t\t\t\t<i aria-hidden=\"true\" class=\"fas fa-arrow-left\"><\/i>\t\t\t<\/span>\n\t\t\t\t\t\t\t\t\t<span class=\"elementor-button-text\">back<\/span>\n\t\t\t\t\t<\/span>\n\t\t\t\t\t<\/a>\n\t\t\t\t<\/div>\n\t\t\t\t\t\t\t\t<\/div>\n\t\t\t\t<\/div>\n\t\t\t\t\t<\/div>\n\t\t<\/div>\n\t\t\t\t\t<\/div>\n\t\t<\/section>\n\t\t\t\t<section class=\"elementor-section elementor-top-section elementor-element elementor-element-9e52d13 elementor-section-full_width elementor-section-height-default elementor-section-height-default\" data-id=\"9e52d13\" data-element_type=\"section\" data-e-type=\"section\">\n\t\t\t\t\t\t<div class=\"elementor-container elementor-column-gap-default\">\n\t\t\t\t\t<div class=\"elementor-column elementor-col-100 elementor-top-column elementor-element elementor-element-84d9605\" data-id=\"84d9605\" data-element_type=\"column\" data-e-type=\"column\">\n\t\t\t<div class=\"elementor-widget-wrap elementor-element-populated\">\n\t\t\t\t\t\t<div class=\"elementor-element elementor-element-dabbc48 elementor-widget-divider--view-line elementor-widget elementor-widget-divider\" data-id=\"dabbc48\" data-element_type=\"widget\" data-e-type=\"widget\" data-widget_type=\"divider.default\">\n\t\t\t\t<div class=\"elementor-widget-container\">\n\t\t\t\t\t\t\t<div class=\"elementor-divider\">\n\t\t\t<span class=\"elementor-divider-separator\">\n\t\t\t\t\t\t<\/span>\n\t\t<\/div>\n\t\t\t\t\t\t<\/div>\n\t\t\t\t<\/div>\n\t\t\t\t\t<\/div>\n\t\t<\/div>\n\t\t\t\t\t<\/div>\n\t\t<\/section>\n\t\t\t\t<section class=\"elementor-section elementor-top-section elementor-element elementor-element-886f641 elementor-section-boxed elementor-section-height-default elementor-section-height-default\" data-id=\"886f641\" data-element_type=\"section\" data-e-type=\"section\">\n\t\t\t\t\t\t<div class=\"elementor-container elementor-column-gap-default\">\n\t\t\t\t\t<div class=\"elementor-column elementor-col-100 elementor-top-column elementor-element elementor-element-02fdf43\" data-id=\"02fdf43\" data-element_type=\"column\" data-e-type=\"column\">\n\t\t\t<div class=\"elementor-widget-wrap elementor-element-populated\">\n\t\t\t\t\t\t<div class=\"elementor-element elementor-element-88d32bf elementor-grid-tablet-eael-col-3 elementor-grid-mobile-eael-col-2 elementor-grid-eael-col-4 elementor-widget elementor-widget-eael-post-grid\" data-id=\"88d32bf\" data-element_type=\"widget\" data-e-type=\"widget\" data-settings=\"{&quot;eael_post_grid_columns_tablet&quot;:&quot;eael-col-3&quot;,&quot;eael_post_grid_columns_mobile&quot;:&quot;eael-col-2&quot;,&quot;eael_post_grid_columns&quot;:&quot;eael-col-4&quot;}\" data-widget_type=\"eael-post-grid.default\">\n\t\t\t\t<div class=\"elementor-widget-container\">\n\t\t\t\t\t<div id=\"eael-post-grid-88d32bf\" class=\"eael-post-grid-container\">\n            <div class=\"eael-post-grid eael-post-appender eael-post-appender-88d32bf eael-post-grid-style-three\" data-layout-mode=\"masonry\"><article class=\"eael-grid-post  eael-post-grid-column eael-pg-post-4649 category-koordination-und-kommunikation tags-forschung-klimaforschung-klimawandel-tum-tum-open-campus\" data-id=\"4649\">\n        <div class=\"eael-grid-post-holder\">\n            <div class=\"eael-grid-post-holder-inner\"><div class=\"eael-entry-media\"><div class=\"eael-entry-overlay fade-in\"><i class=\"fas fa-long-arrow-alt-right\" aria-hidden=\"true\"><\/i><a href=\"https:\/\/www.baysics.de\/en\/baysics-beim-tum-open-campus\/\"><\/a><\/div><div class=\"eael-entry-thumbnail\">\n                 <img fetchpriority=\"high\" decoding=\"async\" width=\"960\" height=\"1280\" src=\"https:\/\/www.baysics.de\/wp-content\/uploads\/2023\/03\/photo1679906394.jpeg\" class=\"attachment-full size-full wp-image-4652\" alt=\"BAYSICS beim TUM Open Campus in Weihenstephan\" srcset=\"https:\/\/www.baysics.de\/wp-content\/uploads\/2023\/03\/photo1679906394.jpeg 960w, https:\/\/www.baysics.de\/wp-content\/uploads\/2023\/03\/photo1679906394-225x300.jpeg 225w, https:\/\/www.baysics.de\/wp-content\/uploads\/2023\/03\/photo1679906394-768x1024.jpeg 768w, https:\/\/www.baysics.de\/wp-content\/uploads\/2023\/03\/photo1679906394-9x12.jpeg 9w\" sizes=\"(max-width: 960px) 100vw, 960px\" \/>\n             <\/div>\n        <\/div><div class=\"eael-entry-wrapper\"><header class=\"eael-entry-header\"><h2 class=\"eael-entry-title\"><a class=\"eael-grid-post-link\" href=\"https:\/\/www.baysics.de\/en\/baysics-beim-tum-open-campus\/\" title=\"BAYSICS beim TUM Open Campus\">BAYSICS beim TUM Open Campus<\/a><\/h2><\/header><div class=\"eael-entry-meta\"><span class=\"eael-posted-on\"><time datetime=\"27.03.2023\">27.03.2023<\/time><\/span><\/div><div class=\"eael-entry-content\">\n                        <div class=\"eael-grid-post-excerpt\"><p>Am 24.03.2023 fand der TUM Open Campus in Weihenstephan statt, dort haben wir BAYSICS und den neuen Klimarucksack vorgestellt.<\/p><a href=\"https:\/\/www.baysics.de\/en\/baysics-beim-tum-open-campus\/\" class=\"eael-post-elements-readmore-btn\">read more<\/a><\/div>\n                    <\/div><\/div><\/div>\n        <\/div>\n    <\/article><article class=\"eael-grid-post  eael-post-grid-column eael-pg-post-4607 category-koordination-und-kommunikation-phaenologie-als-bioindikator tags-bayerischer-rundfunk-br-forschung-klimaforschung-klimawandel-lebensraum-radiowissen\" data-id=\"4607\">\n        <div class=\"eael-grid-post-holder\">\n            <div class=\"eael-grid-post-holder-inner\"><div class=\"eael-entry-media\"><div class=\"eael-entry-overlay fade-in\"><i class=\"fas fa-long-arrow-alt-right\" aria-hidden=\"true\"><\/i><a href=\"https:\/\/www.baysics.de\/en\/anpassung-des-lebensraums-aufgrund-des-klimawandels\/\"><\/a><\/div><div class=\"eael-entry-thumbnail\">\n                 <img decoding=\"async\" width=\"960\" height=\"641\" src=\"https:\/\/www.baysics.de\/wp-content\/uploads\/2023\/03\/Bufo_periglenes1_50.jpg\" class=\"attachment-full size-full wp-image-4609\" alt=\"goldfrosch\" srcset=\"https:\/\/www.baysics.de\/wp-content\/uploads\/2023\/03\/Bufo_periglenes1_50.jpg 960w, https:\/\/www.baysics.de\/wp-content\/uploads\/2023\/03\/Bufo_periglenes1_50-300x200.jpg 300w, https:\/\/www.baysics.de\/wp-content\/uploads\/2023\/03\/Bufo_periglenes1_50-768x513.jpg 768w, https:\/\/www.baysics.de\/wp-content\/uploads\/2023\/03\/Bufo_periglenes1_50-18x12.jpg 18w\" sizes=\"(max-width: 960px) 100vw, 960px\" \/>\n             <\/div>\n        <\/div><div class=\"eael-entry-wrapper\"><header class=\"eael-entry-header\"><h2 class=\"eael-entry-title\"><a class=\"eael-grid-post-link\" href=\"https:\/\/www.baysics.de\/en\/anpassung-des-lebensraums-aufgrund-des-klimawandels\/\" title=\"Anpassung des Lebensraums aufgrund des Klimawandels\">Anpassung des Lebensraums aufgrund des Klimawandels<\/a><\/h2><\/header><div class=\"eael-entry-meta\"><span class=\"eael-posted-on\"><time datetime=\"07.03.2023\">07.03.2023<\/time><\/span><\/div><div class=\"eael-entry-content\">\n                        <div class=\"eael-grid-post-excerpt\"><p>Beitrag von Prof. Annette Menzel im Bayerischer Rundfunk Radiowissen zum Thema Klimawandel und Lebensraum am 03.03.2023.<\/p><a href=\"https:\/\/www.baysics.de\/en\/anpassung-des-lebensraums-aufgrund-des-klimawandels\/\" class=\"eael-post-elements-readmore-btn\">read more<\/a><\/div>\n                    <\/div><\/div><\/div>\n        <\/div>\n    <\/article><article class=\"eael-grid-post  eael-post-grid-column eael-pg-post-4638 category-koordination-und-kommunikation-phaenologie-als-bioindikator-pollenbelastung tags-allergene-bayerischer-rundfunk-br-forschung-klimaforschung-klimawandel-pollen-pollensaison\" data-id=\"4638\">\n        <div class=\"eael-grid-post-holder\">\n            <div class=\"eael-grid-post-holder-inner\"><div class=\"eael-entry-media\"><div class=\"eael-entry-overlay fade-in\"><i class=\"fas fa-long-arrow-alt-right\" aria-hidden=\"true\"><\/i><a href=\"https:\/\/www.baysics.de\/en\/br-fernsehen-beginn-der-pollensaison-immer-frueher\/\"><\/a><\/div><div class=\"eael-entry-thumbnail\">\n                 <img decoding=\"async\" width=\"2560\" height=\"1707\" src=\"https:\/\/www.baysics.de\/wp-content\/uploads\/2023\/03\/IMG_3382-scaled.jpg\" class=\"attachment-full size-full wp-image-4639\" alt=\"Foto eines Haselk\u00e4tzchens\" srcset=\"https:\/\/www.baysics.de\/wp-content\/uploads\/2023\/03\/IMG_3382-scaled.jpg 2560w, https:\/\/www.baysics.de\/wp-content\/uploads\/2023\/03\/IMG_3382-300x200.jpg 300w, https:\/\/www.baysics.de\/wp-content\/uploads\/2023\/03\/IMG_3382-1024x683.jpg 1024w, https:\/\/www.baysics.de\/wp-content\/uploads\/2023\/03\/IMG_3382-768x512.jpg 768w, https:\/\/www.baysics.de\/wp-content\/uploads\/2023\/03\/IMG_3382-1536x1024.jpg 1536w, https:\/\/www.baysics.de\/wp-content\/uploads\/2023\/03\/IMG_3382-2048x1365.jpg 2048w, https:\/\/www.baysics.de\/wp-content\/uploads\/2023\/03\/IMG_3382-18x12.jpg 18w\" sizes=\"(max-width: 2560px) 100vw, 2560px\" \/>\n             <\/div>\n        <\/div><div class=\"eael-entry-wrapper\"><header class=\"eael-entry-header\"><h2 class=\"eael-entry-title\"><a class=\"eael-grid-post-link\" href=\"https:\/\/www.baysics.de\/en\/br-fernsehen-beginn-der-pollensaison-immer-frueher\/\" title=\"BR Fernsehen: Beginn der Pollensaison immer fr\u00fcher\">BR Fernsehen: Beginn der Pollensaison immer fr\u00fcher<\/a><\/h2><\/header><div class=\"eael-entry-meta\"><span class=\"eael-posted-on\"><time datetime=\"27.02.2023\">27.02.2023<\/time><\/span><\/div><div class=\"eael-entry-content\">\n                        <div class=\"eael-grid-post-excerpt\"><p>Die Pollensaison beginnt immer fr\u00fcher. Frau Prof. Annette Menzel im Fernsehbeitrag des Bayerischen Rundfunks am 27.02.2023.<\/p><a href=\"https:\/\/www.baysics.de\/en\/br-fernsehen-beginn-der-pollensaison-immer-frueher\/\" class=\"eael-post-elements-readmore-btn\">read more<\/a><\/div>\n                    <\/div><\/div><\/div>\n        <\/div>\n    <\/article><article class=\"eael-grid-post  eael-post-grid-column eael-pg-post-4620 category-koordination-und-kommunikation-phaenologie-als-bioindikator-pollenbelastung tags-allergie-allergien-bayerischer-rundfunk-br-forschung-klimaforschung-klimawandel-pollen-radiowelt\" data-id=\"4620\">\n        <div class=\"eael-grid-post-holder\">\n            <div class=\"eael-grid-post-holder-inner\"><div class=\"eael-entry-media\"><div class=\"eael-entry-overlay fade-in\"><i class=\"fas fa-long-arrow-alt-right\" aria-hidden=\"true\"><\/i><a href=\"https:\/\/www.baysics.de\/en\/radiobeitrag-pollen-im-anflug\/\"><\/a><\/div><div class=\"eael-entry-thumbnail\">\n                 <img loading=\"lazy\" decoding=\"async\" width=\"2560\" height=\"1707\" src=\"https:\/\/www.baysics.de\/wp-content\/uploads\/2023\/03\/Hasel-scaled.jpg\" class=\"attachment-full size-full wp-image-4621\" alt=\"Hasel K\u00e4tzchen\" srcset=\"https:\/\/www.baysics.de\/wp-content\/uploads\/2023\/03\/Hasel-scaled.jpg 2560w, https:\/\/www.baysics.de\/wp-content\/uploads\/2023\/03\/Hasel-300x200.jpg 300w, https:\/\/www.baysics.de\/wp-content\/uploads\/2023\/03\/Hasel-1024x683.jpg 1024w, https:\/\/www.baysics.de\/wp-content\/uploads\/2023\/03\/Hasel-768x512.jpg 768w, https:\/\/www.baysics.de\/wp-content\/uploads\/2023\/03\/Hasel-1536x1024.jpg 1536w, https:\/\/www.baysics.de\/wp-content\/uploads\/2023\/03\/Hasel-2048x1365.jpg 2048w, https:\/\/www.baysics.de\/wp-content\/uploads\/2023\/03\/Hasel-18x12.jpg 18w\" sizes=\"(max-width: 2560px) 100vw, 2560px\" \/>\n             <\/div>\n        <\/div><div class=\"eael-entry-wrapper\"><header class=\"eael-entry-header\"><h2 class=\"eael-entry-title\"><a class=\"eael-grid-post-link\" href=\"https:\/\/www.baysics.de\/en\/radiobeitrag-pollen-im-anflug\/\" title=\"Radiobeitrag: Pollen im Anflug\">Radiobeitrag: Pollen im Anflug<\/a><\/h2><\/header><div class=\"eael-entry-meta\"><span class=\"eael-posted-on\"><time datetime=\"09.02.2023\">09.02.2023<\/time><\/span><\/div><div class=\"eael-entry-content\">\n                        <div class=\"eael-grid-post-excerpt\"><p>Frau Prof. Annette Menzel bei der radioWelt des Bayerischen Rundfunks mit dem Titel \"Warum immer mehr Menschen unter einer Allergie leiden\"<\/p><a href=\"https:\/\/www.baysics.de\/en\/radiobeitrag-pollen-im-anflug\/\" class=\"eael-post-elements-readmore-btn\">read more<\/a><\/div>\n                    <\/div><\/div><\/div>\n        <\/div>\n    <\/article><\/div>\n            <div class=\"clearfix\"><\/div>\n        <\/div>            <div class=\"eael-load-more-button-wrap eael-force-hide\">\n                <button class=\"eael-load-more-button\" id=\"eael-load-more-btn-88d32bf\" data-widget-id=\"88d32bf\" data-widget=\"88d32bf\" data-page-id=\"4649\" data-template=\"{&quot;dir&quot;:&quot;lite&quot;,&quot;file_name&quot;:&quot;three.php&quot;,&quot;name&quot;:&quot;Post-Grid&quot;}\" data-class=\"Essential_Addons_Elementor\\Elements\\Post_Grid\" data-layout=\"masonry\" data-page=\"1\" data-args=\"orderby=date&amp;order=desc&amp;ignore_sticky_posts=1&amp;post_status=publish&amp;posts_per_page=4&amp;offset=0&amp;post_type=post\" data-max-page=\"8\">\n                    <span class=\"eael-btn-loader button__loader\"><\/span>\n                    <span class=\"eael_load_more_text\">load more<\/span>\n                <\/button>\n            <\/div>\n            \t\t\t\t<\/div>\n\t\t\t\t<\/div>\n\t\t\t\t<div class=\"elementor-element elementor-element-78d4c1b elementor-widget elementor-widget-spacer\" data-id=\"78d4c1b\" data-element_type=\"widget\" data-e-type=\"widget\" data-widget_type=\"spacer.default\">\n\t\t\t\t<div class=\"elementor-widget-container\">\n\t\t\t\t\t\t\t<div class=\"elementor-spacer\">\n\t\t\t<div class=\"elementor-spacer-inner\"><\/div>\n\t\t<\/div>\n\t\t\t\t\t\t<\/div>\n\t\t\t\t<\/div>\n\t\t\t\t\t<\/div>\n\t\t<\/div>\n\t\t\t\t\t<\/div>\n\t\t<\/section>\n\t\t\t\t<section class=\"elementor-section elementor-top-section elementor-element elementor-element-247cfe41 elementor-section-boxed elementor-section-height-default elementor-section-height-default\" data-id=\"247cfe41\" data-element_type=\"section\" data-e-type=\"section\" data-settings=\"{&quot;background_background&quot;:&quot;classic&quot;}\">\n\t\t\t\t\t\t<div class=\"elementor-container elementor-column-gap-default\">\n\t\t\t\t\t<div class=\"elementor-column elementor-col-100 elementor-top-column elementor-element elementor-element-3dc8ed92\" data-id=\"3dc8ed92\" data-element_type=\"column\" data-e-type=\"column\">\n\t\t\t<div class=\"elementor-widget-wrap elementor-element-populated\">\n\t\t\t\t\t\t<section class=\"elementor-section elementor-inner-section elementor-element elementor-element-46f5ee0f elementor-section-boxed elementor-section-height-default elementor-section-height-default\" data-id=\"46f5ee0f\" data-element_type=\"section\" data-e-type=\"section\">\n\t\t\t\t\t\t<div class=\"elementor-container elementor-column-gap-default\">\n\t\t\t\t\t<div class=\"elementor-column elementor-col-33 elementor-inner-column elementor-element elementor-element-62675617\" data-id=\"62675617\" data-element_type=\"column\" data-e-type=\"column\">\n\t\t\t<div class=\"elementor-widget-wrap elementor-element-populated\">\n\t\t\t\t\t\t<div class=\"elementor-element elementor-element-72b725cf elementor-button-danger elementor-align-center elementor-widget elementor-widget-button\" data-id=\"72b725cf\" data-element_type=\"widget\" data-e-type=\"widget\" data-widget_type=\"button.default\">\n\t\t\t\t<div class=\"elementor-widget-container\">\n\t\t\t\t\t\t\t\t\t<div class=\"elementor-button-wrapper\">\n\t\t\t\t\t<a class=\"elementor-button elementor-button-link elementor-size-xs\" href=\"https:\/\/www.baysics.de\/en\/impressum\/\">\n\t\t\t\t\t\t<span class=\"elementor-button-content-wrapper\">\n\t\t\t\t\t\t\t\t\t<span class=\"elementor-button-text\">Imprint<\/span>\n\t\t\t\t\t<\/span>\n\t\t\t\t\t<\/a>\n\t\t\t\t<\/div>\n\t\t\t\t\t\t\t\t<\/div>\n\t\t\t\t<\/div>\n\t\t\t\t\t<\/div>\n\t\t<\/div>\n\t\t\t\t<div class=\"elementor-column elementor-col-33 elementor-inner-column elementor-element elementor-element-5e02146f\" data-id=\"5e02146f\" data-element_type=\"column\" data-e-type=\"column\">\n\t\t\t<div class=\"elementor-widget-wrap elementor-element-populated\">\n\t\t\t\t\t\t<div class=\"elementor-element elementor-element-16a79479 elementor-shape-rounded elementor-grid-0 e-grid-align-center elementor-widget elementor-widget-social-icons\" data-id=\"16a79479\" data-element_type=\"widget\" data-e-type=\"widget\" data-widget_type=\"social-icons.default\">\n\t\t\t\t<div class=\"elementor-widget-container\">\n\t\t\t\t\t\t\t<div class=\"elementor-social-icons-wrapper elementor-grid\" role=\"list\">\n\t\t\t\t\t\t\t<span class=\"elementor-grid-item\" role=\"listitem\">\n\t\t\t\t\t<a class=\"elementor-icon elementor-social-icon elementor-social-icon-twitter elementor-repeater-item-8fe1dc5\" href=\"https:\/\/twitter.com\/baysics_portal\" target=\"_blank\">\n\t\t\t\t\t\t<span class=\"elementor-screen-only\">Twitter<\/span>\n\t\t\t\t\t\t\t\t\t\t\t\t\t<i class=\"fa fa-twitter\" aria-hidden=\"true\"><\/i>\n\t\t\t\t\t\t\t\t\t\t\t<\/a>\n\t\t\t\t<\/span>\n\t\t\t\t\t\t\t<span class=\"elementor-grid-item\" role=\"listitem\">\n\t\t\t\t\t<a class=\"elementor-icon elementor-social-icon elementor-social-icon-instagram elementor-repeater-item-8ac2a9f\" href=\"https:\/\/www.instagram.com\/baysics_portal\/\" target=\"_blank\">\n\t\t\t\t\t\t<span class=\"elementor-screen-only\">Instagram<\/span>\n\t\t\t\t\t\t\t\t\t\t\t\t\t<i class=\"fa fa-instagram\" aria-hidden=\"true\"><\/i>\n\t\t\t\t\t\t\t\t\t\t\t<\/a>\n\t\t\t\t<\/span>\n\t\t\t\t\t<\/div>\n\t\t\t\t\t\t<\/div>\n\t\t\t\t<\/div>\n\t\t\t\t\t<\/div>\n\t\t<\/div>\n\t\t\t\t<div class=\"elementor-column elementor-col-33 elementor-inner-column elementor-element elementor-element-6a51c475\" data-id=\"6a51c475\" data-element_type=\"column\" data-e-type=\"column\">\n\t\t\t<div class=\"elementor-widget-wrap elementor-element-populated\">\n\t\t\t\t\t\t<div class=\"elementor-element elementor-element-4a53725e elementor-button-danger elementor-align-center elementor-widget elementor-widget-button\" data-id=\"4a53725e\" data-element_type=\"widget\" data-e-type=\"widget\" data-widget_type=\"button.default\">\n\t\t\t\t<div class=\"elementor-widget-container\">\n\t\t\t\t\t\t\t\t\t<div class=\"elementor-button-wrapper\">\n\t\t\t\t\t<a class=\"elementor-button elementor-button-link elementor-size-xs\" href=\"https:\/\/www.baysics.de\/en\/datenschutzerklaerung\/\">\n\t\t\t\t\t\t<span class=\"elementor-button-content-wrapper\">\n\t\t\t\t\t\t\t\t\t<span class=\"elementor-button-text\">Privacy policy<\/span>\n\t\t\t\t\t<\/span>\n\t\t\t\t\t<\/a>\n\t\t\t\t<\/div>\n\t\t\t\t\t\t\t\t<\/div>\n\t\t\t\t<\/div>\n\t\t\t\t\t<\/div>\n\t\t<\/div>\n\t\t\t\t\t<\/div>\n\t\t<\/section>\n\t\t\t\t<div class=\"elementor-element elementor-element-501b5a32 elementor-widget elementor-widget-spacer\" data-id=\"501b5a32\" data-element_type=\"widget\" data-e-type=\"widget\" data-widget_type=\"spacer.default\">\n\t\t\t\t<div class=\"elementor-widget-container\">\n\t\t\t\t\t\t\t<div class=\"elementor-spacer\">\n\t\t\t<div class=\"elementor-spacer-inner\"><\/div>\n\t\t<\/div>\n\t\t\t\t\t\t<\/div>\n\t\t\t\t<\/div>\n\t\t\t\t\t<\/div>\n\t\t<\/div>\n\t\t\t\t\t<\/div>\n\t\t<\/section>\n\t\t\t\t<\/div>","protected":false},"excerpt":{"rendered":"<p>Am 24.03.2023 fand der TUM Open Campus in Weihenstephan statt, dort haben wir BAYSICS und den neuen Klimarucksack vorgestellt.<\/p>","protected":false},"author":2,"featured_media":4652,"comment_status":"closed","ping_status":"closed","sticky":false,"template":"elementor_header_footer","format":"standard","meta":{"footnotes":""},"categories":[18],"tags":[46,29,40,62,103],"class_list":["post-4649","post","type-post","status-publish","format-standard","has-post-thumbnail","hentry","category-koordination-und-kommunikation","tag-forschung","tag-klimaforschung","tag-klimawandel","tag-tum","tag-tum-open-campus","entry","has-media"],"yoast_head":"<!-- This site is optimized with the Yoast SEO plugin v27.5 - https:\/\/yoast.com\/product\/yoast-seo-wordpress\/ -->\n<title>BAYSICS beim TUM Open Campus<\/title>\n<meta name=\"description\" content=\"Am 24.03.2023 fand der TUM Open Campus in Weihenstephan statt, dort haben wir BAYSICS und den neuen Klimarucksack vorgestellt.\" \/>\n<meta name=\"robots\" content=\"index, follow, max-snippet:-1, max-image-preview:large, max-video-preview:-1\" \/>\n<link rel=\"canonical\" href=\"https:\/\/www.baysics.de\/en\/baysics-beim-tum-open-campus\/\" \/>\n<meta property=\"og:locale\" content=\"en_GB\" \/>\n<meta property=\"og:type\" content=\"article\" \/>\n<meta property=\"og:title\" content=\"BAYSICS - BAYSICS beim TUM Open Campus\" \/>\n<meta property=\"og:description\" content=\"Am 24.03.2023 fand der TUM Open Campus in Weihenstephan statt, dort haben wir BAYSICS und den neuen Klimarucksack vorgestellt.\" \/>\n<meta property=\"og:url\" content=\"https:\/\/www.baysics.de\/en\/baysics-beim-tum-open-campus\/\" \/>\n<meta property=\"og:site_name\" content=\"BAYSICS\" \/>\n<meta property=\"article:published_time\" content=\"2023-03-27T08:58:47+00:00\" \/>\n<meta property=\"article:modified_time\" content=\"2023-03-27T09:29:26+00:00\" \/>\n<meta property=\"og:image\" content=\"https:\/\/www.baysics.de\/wp-content\/uploads\/2023\/03\/photo1679906394.jpeg\" \/>\n\t<meta property=\"og:image:width\" content=\"960\" \/>\n\t<meta property=\"og:image:height\" content=\"1280\" \/>\n\t<meta property=\"og:image:type\" content=\"image\/jpeg\" \/>\n<meta name=\"author\" content=\"Alissa L\u00fcpke\" \/>\n<meta name=\"twitter:card\" content=\"summary_large_image\" \/>\n<meta name=\"twitter:title\" content=\"BAYSICS - BAYSICS beim TUM Open Campus\" \/>\n<meta name=\"twitter:description\" content=\"Am 24.03.2023 fand der TUM Open Campus in Weihenstephan statt, dort haben wir BAYSICS und den neuen Klimarucksack vorgestellt.\" \/>\n<meta name=\"twitter:image\" content=\"https:\/\/www.baysics.de\/wp-content\/uploads\/2023\/03\/photo1679906394.jpeg\" \/>\n<meta name=\"twitter:creator\" content=\"@baysics_portal\" \/>\n<meta name=\"twitter:site\" content=\"@baysics_portal\" \/>\n<meta name=\"twitter:label1\" content=\"Written by\" \/>\n\t<meta name=\"twitter:data1\" content=\"Alissa L\u00fcpke\" \/>\n\t<meta name=\"twitter:label2\" content=\"Estimated reading time\" \/>\n\t<meta name=\"twitter:data2\" content=\"4 minutes\" \/>\n<script type=\"application\/ld+json\" class=\"yoast-schema-graph\">{\"@context\":\"https:\\\/\\\/schema.org\",\"@graph\":[{\"@type\":\"Article\",\"@id\":\"https:\\\/\\\/www.baysics.de\\\/baysics-beim-tum-open-campus\\\/#article\",\"isPartOf\":{\"@id\":\"https:\\\/\\\/www.baysics.de\\\/baysics-beim-tum-open-campus\\\/\"},\"author\":{\"name\":\"Alissa L\u00fcpke\",\"@id\":\"https:\\\/\\\/www.baysics.de\\\/#\\\/schema\\\/person\\\/00d88e34ecccd578a8fb9db0d4d5dc2d\"},\"headline\":\"BAYSICS beim TUM Open Campus\",\"datePublished\":\"2023-03-27T08:58:47+00:00\",\"dateModified\":\"2023-03-27T09:29:26+00:00\",\"mainEntityOfPage\":{\"@id\":\"https:\\\/\\\/www.baysics.de\\\/baysics-beim-tum-open-campus\\\/\"},\"wordCount\":269,\"publisher\":{\"@id\":\"https:\\\/\\\/www.baysics.de\\\/#organization\"},\"image\":{\"@id\":\"https:\\\/\\\/www.baysics.de\\\/baysics-beim-tum-open-campus\\\/#primaryimage\"},\"thumbnailUrl\":\"https:\\\/\\\/www.baysics.de\\\/wp-content\\\/uploads\\\/2023\\\/03\\\/photo1679906394.jpeg\",\"keywords\":[\"forschung\",\"Klimaforschung\",\"klimawandel\",\"tum\",\"tum open campus\"],\"articleSection\":[\"Koordination und Kommunikation\"],\"inLanguage\":\"en-GB\"},{\"@type\":\"WebPage\",\"@id\":\"https:\\\/\\\/www.baysics.de\\\/baysics-beim-tum-open-campus\\\/\",\"url\":\"https:\\\/\\\/www.baysics.de\\\/baysics-beim-tum-open-campus\\\/\",\"name\":\"BAYSICS beim TUM Open Campus\",\"isPartOf\":{\"@id\":\"https:\\\/\\\/www.baysics.de\\\/#website\"},\"primaryImageOfPage\":{\"@id\":\"https:\\\/\\\/www.baysics.de\\\/baysics-beim-tum-open-campus\\\/#primaryimage\"},\"image\":{\"@id\":\"https:\\\/\\\/www.baysics.de\\\/baysics-beim-tum-open-campus\\\/#primaryimage\"},\"thumbnailUrl\":\"https:\\\/\\\/www.baysics.de\\\/wp-content\\\/uploads\\\/2023\\\/03\\\/photo1679906394.jpeg\",\"datePublished\":\"2023-03-27T08:58:47+00:00\",\"dateModified\":\"2023-03-27T09:29:26+00:00\",\"description\":\"Am 24.03.2023 fand der TUM Open Campus in Weihenstephan statt, dort haben wir BAYSICS und den neuen Klimarucksack vorgestellt.\",\"breadcrumb\":{\"@id\":\"https:\\\/\\\/www.baysics.de\\\/baysics-beim-tum-open-campus\\\/#breadcrumb\"},\"inLanguage\":\"en-GB\",\"potentialAction\":[{\"@type\":\"ReadAction\",\"target\":[\"https:\\\/\\\/www.baysics.de\\\/baysics-beim-tum-open-campus\\\/\"]}]},{\"@type\":\"ImageObject\",\"inLanguage\":\"en-GB\",\"@id\":\"https:\\\/\\\/www.baysics.de\\\/baysics-beim-tum-open-campus\\\/#primaryimage\",\"url\":\"https:\\\/\\\/www.baysics.de\\\/wp-content\\\/uploads\\\/2023\\\/03\\\/photo1679906394.jpeg\",\"contentUrl\":\"https:\\\/\\\/www.baysics.de\\\/wp-content\\\/uploads\\\/2023\\\/03\\\/photo1679906394.jpeg\",\"width\":960,\"height\":1280,\"caption\":\"BAYSICS beim TUM Open Campus in Weihenstephan\"},{\"@type\":\"BreadcrumbList\",\"@id\":\"https:\\\/\\\/www.baysics.de\\\/baysics-beim-tum-open-campus\\\/#breadcrumb\",\"itemListElement\":[{\"@type\":\"ListItem\",\"position\":1,\"name\":\"Startseite\",\"item\":\"https:\\\/\\\/www.baysics.de\\\/\"},{\"@type\":\"ListItem\",\"position\":2,\"name\":\"BAYSICS beim TUM Open Campus\"}]},{\"@type\":\"WebSite\",\"@id\":\"https:\\\/\\\/www.baysics.de\\\/#website\",\"url\":\"https:\\\/\\\/www.baysics.de\\\/\",\"name\":\"BAYSICS\",\"description\":\"Bayerisches Synthese-Informations-Citizen Science Portal f\u00fcr Klimaforschung und Wissenschaftskommunikation\",\"publisher\":{\"@id\":\"https:\\\/\\\/www.baysics.de\\\/#organization\"},\"potentialAction\":[{\"@type\":\"SearchAction\",\"target\":{\"@type\":\"EntryPoint\",\"urlTemplate\":\"https:\\\/\\\/www.baysics.de\\\/?s={search_term_string}\"},\"query-input\":{\"@type\":\"PropertyValueSpecification\",\"valueRequired\":true,\"valueName\":\"search_term_string\"}}],\"inLanguage\":\"en-GB\"},{\"@type\":\"Organization\",\"@id\":\"https:\\\/\\\/www.baysics.de\\\/#organization\",\"name\":\"BAYSICS\",\"url\":\"https:\\\/\\\/www.baysics.de\\\/\",\"logo\":{\"@type\":\"ImageObject\",\"inLanguage\":\"en-GB\",\"@id\":\"https:\\\/\\\/www.baysics.de\\\/#\\\/schema\\\/logo\\\/image\\\/\",\"url\":\"https:\\\/\\\/www.baysics.de\\\/wp-content\\\/uploads\\\/2018\\\/11\\\/Logo_schrift_large@3x.png\",\"contentUrl\":\"https:\\\/\\\/www.baysics.de\\\/wp-content\\\/uploads\\\/2018\\\/11\\\/Logo_schrift_large@3x.png\",\"width\":1068,\"height\":300,\"caption\":\"BAYSICS\"},\"image\":{\"@id\":\"https:\\\/\\\/www.baysics.de\\\/#\\\/schema\\\/logo\\\/image\\\/\"},\"sameAs\":[\"https:\\\/\\\/x.com\\\/baysics_portal\",\"https:\\\/\\\/www.instagram.com\\\/baysics_portal\\\/\"]},{\"@type\":\"Person\",\"@id\":\"https:\\\/\\\/www.baysics.de\\\/#\\\/schema\\\/person\\\/00d88e34ecccd578a8fb9db0d4d5dc2d\",\"name\":\"Alissa L\u00fcpke\",\"image\":{\"@type\":\"ImageObject\",\"inLanguage\":\"en-GB\",\"@id\":\"https:\\\/\\\/secure.gravatar.com\\\/avatar\\\/1bfe3d9e7a023e4cda1abdd4256090ffe5b5b44e75c7bab3c39dabb25203e8dd?s=96&d=mm&r=g\",\"url\":\"https:\\\/\\\/secure.gravatar.com\\\/avatar\\\/1bfe3d9e7a023e4cda1abdd4256090ffe5b5b44e75c7bab3c39dabb25203e8dd?s=96&d=mm&r=g\",\"contentUrl\":\"https:\\\/\\\/secure.gravatar.com\\\/avatar\\\/1bfe3d9e7a023e4cda1abdd4256090ffe5b5b44e75c7bab3c39dabb25203e8dd?s=96&d=mm&r=g\",\"caption\":\"Alissa L\u00fcpke\"}}]}<\/script>\n<!-- \/ Yoast SEO plugin. -->","yoast_head_json":{"title":"BAYSICS beim TUM Open Campus","description":"Am 24.03.2023 fand der TUM Open Campus in Weihenstephan statt, dort haben wir BAYSICS und den neuen Klimarucksack vorgestellt.","robots":{"index":"index","follow":"follow","max-snippet":"max-snippet:-1","max-image-preview":"max-image-preview:large","max-video-preview":"max-video-preview:-1"},"canonical":"https:\/\/www.baysics.de\/en\/baysics-beim-tum-open-campus\/","og_locale":"en_GB","og_type":"article","og_title":"BAYSICS - BAYSICS beim TUM Open Campus","og_description":"Am 24.03.2023 fand der TUM Open Campus in Weihenstephan statt, dort haben wir BAYSICS und den neuen Klimarucksack vorgestellt.","og_url":"https:\/\/www.baysics.de\/en\/baysics-beim-tum-open-campus\/","og_site_name":"BAYSICS","article_published_time":"2023-03-27T08:58:47+00:00","article_modified_time":"2023-03-27T09:29:26+00:00","og_image":[{"width":960,"height":1280,"url":"https:\/\/www.baysics.de\/wp-content\/uploads\/2023\/03\/photo1679906394.jpeg","type":"image\/jpeg"}],"author":"Alissa L\u00fcpke","twitter_card":"summary_large_image","twitter_title":"BAYSICS - BAYSICS beim TUM Open Campus","twitter_description":"Am 24.03.2023 fand der TUM Open Campus in Weihenstephan statt, dort haben wir BAYSICS und den neuen Klimarucksack vorgestellt.","twitter_image":"https:\/\/www.baysics.de\/wp-content\/uploads\/2023\/03\/photo1679906394.jpeg","twitter_creator":"@baysics_portal","twitter_site":"@baysics_portal","twitter_misc":{"Written by":"Alissa L\u00fcpke","Estimated reading time":"4 minutes"},"schema":{"@context":"https:\/\/schema.org","@graph":[{"@type":"Article","@id":"https:\/\/www.baysics.de\/baysics-beim-tum-open-campus\/#article","isPartOf":{"@id":"https:\/\/www.baysics.de\/baysics-beim-tum-open-campus\/"},"author":{"name":"Alissa L\u00fcpke","@id":"https:\/\/www.baysics.de\/#\/schema\/person\/00d88e34ecccd578a8fb9db0d4d5dc2d"},"headline":"BAYSICS beim TUM Open Campus","datePublished":"2023-03-27T08:58:47+00:00","dateModified":"2023-03-27T09:29:26+00:00","mainEntityOfPage":{"@id":"https:\/\/www.baysics.de\/baysics-beim-tum-open-campus\/"},"wordCount":269,"publisher":{"@id":"https:\/\/www.baysics.de\/#organization"},"image":{"@id":"https:\/\/www.baysics.de\/baysics-beim-tum-open-campus\/#primaryimage"},"thumbnailUrl":"https:\/\/www.baysics.de\/wp-content\/uploads\/2023\/03\/photo1679906394.jpeg","keywords":["forschung","Klimaforschung","klimawandel","tum","tum open campus"],"articleSection":["Koordination und Kommunikation"],"inLanguage":"en-GB"},{"@type":"WebPage","@id":"https:\/\/www.baysics.de\/baysics-beim-tum-open-campus\/","url":"https:\/\/www.baysics.de\/baysics-beim-tum-open-campus\/","name":"BAYSICS beim TUM Open Campus","isPartOf":{"@id":"https:\/\/www.baysics.de\/#website"},"primaryImageOfPage":{"@id":"https:\/\/www.baysics.de\/baysics-beim-tum-open-campus\/#primaryimage"},"image":{"@id":"https:\/\/www.baysics.de\/baysics-beim-tum-open-campus\/#primaryimage"},"thumbnailUrl":"https:\/\/www.baysics.de\/wp-content\/uploads\/2023\/03\/photo1679906394.jpeg","datePublished":"2023-03-27T08:58:47+00:00","dateModified":"2023-03-27T09:29:26+00:00","description":"Am 24.03.2023 fand der TUM Open Campus in Weihenstephan statt, dort haben wir BAYSICS und den neuen Klimarucksack vorgestellt.","breadcrumb":{"@id":"https:\/\/www.baysics.de\/baysics-beim-tum-open-campus\/#breadcrumb"},"inLanguage":"en-GB","potentialAction":[{"@type":"ReadAction","target":["https:\/\/www.baysics.de\/baysics-beim-tum-open-campus\/"]}]},{"@type":"ImageObject","inLanguage":"en-GB","@id":"https:\/\/www.baysics.de\/baysics-beim-tum-open-campus\/#primaryimage","url":"https:\/\/www.baysics.de\/wp-content\/uploads\/2023\/03\/photo1679906394.jpeg","contentUrl":"https:\/\/www.baysics.de\/wp-content\/uploads\/2023\/03\/photo1679906394.jpeg","width":960,"height":1280,"caption":"BAYSICS beim TUM Open Campus in Weihenstephan"},{"@type":"BreadcrumbList","@id":"https:\/\/www.baysics.de\/baysics-beim-tum-open-campus\/#breadcrumb","itemListElement":[{"@type":"ListItem","position":1,"name":"Startseite","item":"https:\/\/www.baysics.de\/"},{"@type":"ListItem","position":2,"name":"BAYSICS beim TUM Open Campus"}]},{"@type":"WebSite","@id":"https:\/\/www.baysics.de\/#website","url":"https:\/\/www.baysics.de\/","name":"BAYSICS","description":"Bayerisches Synthese-Informations-Citizen Science Portal f\u00fcr Klimaforschung und Wissenschaftskommunikation","publisher":{"@id":"https:\/\/www.baysics.de\/#organization"},"potentialAction":[{"@type":"SearchAction","target":{"@type":"EntryPoint","urlTemplate":"https:\/\/www.baysics.de\/?s={search_term_string}"},"query-input":{"@type":"PropertyValueSpecification","valueRequired":true,"valueName":"search_term_string"}}],"inLanguage":"en-GB"},{"@type":"Organization","@id":"https:\/\/www.baysics.de\/#organization","name":"BAYSICS","url":"https:\/\/www.baysics.de\/","logo":{"@type":"ImageObject","inLanguage":"en-GB","@id":"https:\/\/www.baysics.de\/#\/schema\/logo\/image\/","url":"https:\/\/www.baysics.de\/wp-content\/uploads\/2018\/11\/Logo_schrift_large@3x.png","contentUrl":"https:\/\/www.baysics.de\/wp-content\/uploads\/2018\/11\/Logo_schrift_large@3x.png","width":1068,"height":300,"caption":"BAYSICS"},"image":{"@id":"https:\/\/www.baysics.de\/#\/schema\/logo\/image\/"},"sameAs":["https:\/\/x.com\/baysics_portal","https:\/\/www.instagram.com\/baysics_portal\/"]},{"@type":"Person","@id":"https:\/\/www.baysics.de\/#\/schema\/person\/00d88e34ecccd578a8fb9db0d4d5dc2d","name":"Alissa L\u00fcpke","image":{"@type":"ImageObject","inLanguage":"en-GB","@id":"https:\/\/secure.gravatar.com\/avatar\/1bfe3d9e7a023e4cda1abdd4256090ffe5b5b44e75c7bab3c39dabb25203e8dd?s=96&d=mm&r=g","url":"https:\/\/secure.gravatar.com\/avatar\/1bfe3d9e7a023e4cda1abdd4256090ffe5b5b44e75c7bab3c39dabb25203e8dd?s=96&d=mm&r=g","contentUrl":"https:\/\/secure.gravatar.com\/avatar\/1bfe3d9e7a023e4cda1abdd4256090ffe5b5b44e75c7bab3c39dabb25203e8dd?s=96&d=mm&r=g","caption":"Alissa L\u00fcpke"}}]}},"_links":{"self":[{"href":"https:\/\/www.baysics.de\/en\/wp-json\/wp\/v2\/posts\/4649","targetHints":{"allow":["GET"]}}],"collection":[{"href":"https:\/\/www.baysics.de\/en\/wp-json\/wp\/v2\/posts"}],"about":[{"href":"https:\/\/www.baysics.de\/en\/wp-json\/wp\/v2\/types\/post"}],"author":[{"embeddable":true,"href":"https:\/\/www.baysics.de\/en\/wp-json\/wp\/v2\/users\/2"}],"replies":[{"embeddable":true,"href":"https:\/\/www.baysics.de\/en\/wp-json\/wp\/v2\/comments?post=4649"}],"version-history":[{"count":27,"href":"https:\/\/www.baysics.de\/en\/wp-json\/wp\/v2\/posts\/4649\/revisions"}],"predecessor-version":[{"id":4684,"href":"https:\/\/www.baysics.de\/en\/wp-json\/wp\/v2\/posts\/4649\/revisions\/4684"}],"wp:featuredmedia":[{"embeddable":true,"href":"https:\/\/www.baysics.de\/en\/wp-json\/wp\/v2\/media\/4652"}],"wp:attachment":[{"href":"https:\/\/www.baysics.de\/en\/wp-json\/wp\/v2\/media?parent=4649"}],"wp:term":[{"taxonomy":"category","embeddable":true,"href":"https:\/\/www.baysics.de\/en\/wp-json\/wp\/v2\/categories?post=4649"},{"taxonomy":"post_tag","embeddable":true,"href":"https:\/\/www.baysics.de\/en\/wp-json\/wp\/v2\/tags?post=4649"}],"curies":[{"name":"wp","href":"https:\/\/api.w.org\/{rel}","templated":true}]}}