{"id":3506,"date":"2021-10-01T11:36:00","date_gmt":"2021-10-01T09:36:00","guid":{"rendered":"https:\/\/www.baysics.de\/?p=3506"},"modified":"2023-02-06T10:39:58","modified_gmt":"2023-02-06T09:39:58","slug":"bayklif-retreat","status":"publish","type":"post","link":"https:\/\/www.baysics.de\/en\/bayklif-retreat\/","title":{"rendered":"bayklif-Retreat"},"content":{"rendered":"<div data-elementor-type=\"wp-post\" data-elementor-id=\"3506\" class=\"elementor elementor-3506\">\n\t\t\t\t\t\t<section class=\"elementor-section elementor-top-section elementor-element elementor-element-cb5e10a elementor-section-boxed elementor-section-height-default elementor-section-height-default\" data-id=\"cb5e10a\" data-element_type=\"section\" data-e-type=\"section\">\n\t\t\t\t\t\t<div class=\"elementor-container elementor-column-gap-default\">\n\t\t\t\t\t<div class=\"elementor-column elementor-col-100 elementor-top-column elementor-element elementor-element-9e7123d\" data-id=\"9e7123d\" data-element_type=\"column\" data-e-type=\"column\">\n\t\t\t<div class=\"elementor-widget-wrap elementor-element-populated\">\n\t\t\t\t\t\t<div class=\"elementor-element elementor-element-bdb92fd elementor-widget elementor-widget-heading\" data-id=\"bdb92fd\" data-element_type=\"widget\" data-e-type=\"widget\" data-widget_type=\"heading.default\">\n\t\t\t\t<div class=\"elementor-widget-container\">\n\t\t\t\t\t<h1 class=\"elementor-heading-title elementor-size-default\">bayklif-Retreat<\/h1>\t\t\t\t<\/div>\n\t\t\t\t<\/div>\n\t\t\t\t<div class=\"elementor-element elementor-element-c7762fc elementor-widget elementor-widget-spacer\" data-id=\"c7762fc\" data-element_type=\"widget\" data-e-type=\"widget\" data-widget_type=\"spacer.default\">\n\t\t\t\t<div class=\"elementor-widget-container\">\n\t\t\t\t\t\t\t<div class=\"elementor-spacer\">\n\t\t\t<div class=\"elementor-spacer-inner\"><\/div>\n\t\t<\/div>\n\t\t\t\t\t\t<\/div>\n\t\t\t\t<\/div>\n\t\t\t\t\t<\/div>\n\t\t<\/div>\n\t\t\t\t\t<\/div>\n\t\t<\/section>\n\t\t\t\t<section class=\"elementor-section elementor-top-section elementor-element elementor-element-5a5b877 elementor-section-boxed elementor-section-height-default elementor-section-height-default\" data-id=\"5a5b877\" data-element_type=\"section\" data-e-type=\"section\">\n\t\t\t\t\t\t<div class=\"elementor-container elementor-column-gap-default\">\n\t\t\t\t\t<div class=\"elementor-column elementor-col-100 elementor-top-column elementor-element elementor-element-0d8f94b\" data-id=\"0d8f94b\" data-element_type=\"column\" data-e-type=\"column\">\n\t\t\t<div class=\"elementor-widget-wrap elementor-element-populated\">\n\t\t\t\t\t\t<div class=\"elementor-element elementor-element-166d208 elementor-widget elementor-widget-text-editor\" data-id=\"166d208\" data-element_type=\"widget\" data-e-type=\"widget\" data-widget_type=\"text-editor.default\">\n\t\t\t\t<div class=\"elementor-widget-container\">\n\t\t\t\t\t\t\t\t\t<p>Vom 28 bis 30.09.2021 waren wir auf dem bayklif-Retreat in Tutzing. Das ganze Retreat stand unter dem Motto: Austauschen, Netzwerken und sich kennenlernen. Nach langer Zeit konnten wir endlich wieder alle zusammenkommen und gemeinsam ein paar Tage verbringen.<\/p><p>Der erste Tag begann mit einer Begr\u00fc\u00dfung und Vortr\u00e4gen zu den Verbundprojekten: AquaKlif, BayTreeNet, ADAPT, BayForDemo und uns. In unserem Vortrag zu BAYSICS haben wir unsere bisherigen Fortschritte und Pl\u00e4ne f\u00fcr die Zukunft vorgestellt. Nachmittags ging es dann weiter mit verschiedenen Workshops zu \u201eBiodiversit\u00e4t&#8220; und \u201eWaldprojekten&#8220; sowie \u201eZukunftspl\u00e4nen&#8220;. Nach einem hervorragenden Abendessen hatten wir abends Zeit uns zusammenzusetzen, auszutauschen und zu netzwerken. Am n\u00e4chsten Tag ging es weiter mit Vortr\u00e4gen zu unseren bayklif Projekten. Hier stellten BLIZ, LandKlif, Cleanvelope, HyBBex und MintBio ihre Fortschritte vor. Nachmittags ging es dann weiter mit den Workshops: \u201eAtlas der \u00d6kosystemleistungen&#8220;, \u201eWissenschaftskommunikation und Schulprojekte&#8220; und \u201eKlimadaten\u201c. Wir haben innerhalb des Workshops \u201eWissenschaftskommunikation und Schulprojekte\u201c zwei Thementische zur Verf\u00fcgung gestellt. Zum einen wollten wir mit den anderen Projekten Forschungsfragen f\u00fcr die W-Seminare sammeln und zum anderen Feedback, Anregungen und Kooperationsideen f\u00fcr unser Portal sammeln. F\u00fcr die Professor*innen und wissenschaftlichen Mitarbeiter*innen ging es anschlie\u00dfend nach Hause. Unser Doktorand*innen sind noch einen weiteren Tag geblieben, um sich besser kennenzulernen und auszutauschen. Wir freuen uns riesig auf das n\u00e4chste Treffen und die weitere Zusammenarbeit. Jetzt geht es erstmal zu den M\u00fcnchner Wissenschaftstagen. Kommt gerne vorbei, wir freuen uns \u00fcber jede*n Besucher*in.<\/p>\t\t\t\t\t\t\t\t<\/div>\n\t\t\t\t<\/div>\n\t\t\t\t\t<\/div>\n\t\t<\/div>\n\t\t\t\t\t<\/div>\n\t\t<\/section>\n\t\t\t\t<section class=\"elementor-section elementor-top-section elementor-element elementor-element-1c52e42 elementor-section-boxed elementor-section-height-default elementor-section-height-default\" data-id=\"1c52e42\" data-element_type=\"section\" data-e-type=\"section\">\n\t\t\t\t\t\t<div class=\"elementor-container elementor-column-gap-default\">\n\t\t\t\t\t<div class=\"elementor-column elementor-col-100 elementor-top-column elementor-element elementor-element-b671e38\" data-id=\"b671e38\" data-element_type=\"column\" data-e-type=\"column\">\n\t\t\t<div class=\"elementor-widget-wrap elementor-element-populated\">\n\t\t\t\t\t\t<div class=\"elementor-element elementor-element-ac04299 elementor-widget elementor-widget-spacer\" data-id=\"ac04299\" data-element_type=\"widget\" data-e-type=\"widget\" data-widget_type=\"spacer.default\">\n\t\t\t\t<div class=\"elementor-widget-container\">\n\t\t\t\t\t\t\t<div class=\"elementor-spacer\">\n\t\t\t<div class=\"elementor-spacer-inner\"><\/div>\n\t\t<\/div>\n\t\t\t\t\t\t<\/div>\n\t\t\t\t<\/div>\n\t\t\t\t<div class=\"elementor-element elementor-element-bb7ec3a elementor-widget elementor-widget-button\" data-id=\"bb7ec3a\" data-element_type=\"widget\" data-e-type=\"widget\" data-widget_type=\"button.default\">\n\t\t\t\t<div class=\"elementor-widget-container\">\n\t\t\t\t\t\t\t\t\t<div class=\"elementor-button-wrapper\">\n\t\t\t\t\t<a class=\"elementor-button elementor-button-link elementor-size-xs elementor-animation-grow\" href=\"https:\/\/www.baysics.de\/en\/neuigkeiten\/\">\n\t\t\t\t\t\t<span class=\"elementor-button-content-wrapper\">\n\t\t\t\t\t\t<span class=\"elementor-button-icon\">\n\t\t\t\t<i aria-hidden=\"true\" class=\"fas fa-arrow-left\"><\/i>\t\t\t<\/span>\n\t\t\t\t\t\t\t\t\t<span class=\"elementor-button-text\">back<\/span>\n\t\t\t\t\t<\/span>\n\t\t\t\t\t<\/a>\n\t\t\t\t<\/div>\n\t\t\t\t\t\t\t\t<\/div>\n\t\t\t\t<\/div>\n\t\t\t\t\t<\/div>\n\t\t<\/div>\n\t\t\t\t\t<\/div>\n\t\t<\/section>\n\t\t\t\t<section class=\"elementor-section elementor-top-section elementor-element elementor-element-9e52d13 elementor-section-full_width elementor-section-height-default elementor-section-height-default\" data-id=\"9e52d13\" data-element_type=\"section\" data-e-type=\"section\">\n\t\t\t\t\t\t<div class=\"elementor-container elementor-column-gap-default\">\n\t\t\t\t\t<div class=\"elementor-column elementor-col-100 elementor-top-column elementor-element elementor-element-84d9605\" data-id=\"84d9605\" data-element_type=\"column\" data-e-type=\"column\">\n\t\t\t<div class=\"elementor-widget-wrap elementor-element-populated\">\n\t\t\t\t\t\t<div class=\"elementor-element elementor-element-dabbc48 elementor-widget-divider--view-line elementor-widget elementor-widget-divider\" data-id=\"dabbc48\" data-element_type=\"widget\" data-e-type=\"widget\" data-widget_type=\"divider.default\">\n\t\t\t\t<div class=\"elementor-widget-container\">\n\t\t\t\t\t\t\t<div class=\"elementor-divider\">\n\t\t\t<span class=\"elementor-divider-separator\">\n\t\t\t\t\t\t<\/span>\n\t\t<\/div>\n\t\t\t\t\t\t<\/div>\n\t\t\t\t<\/div>\n\t\t\t\t\t<\/div>\n\t\t<\/div>\n\t\t\t\t\t<\/div>\n\t\t<\/section>\n\t\t\t\t<section class=\"elementor-section elementor-top-section elementor-element elementor-element-886f641 elementor-section-boxed elementor-section-height-default elementor-section-height-default\" data-id=\"886f641\" data-element_type=\"section\" data-e-type=\"section\">\n\t\t\t\t\t\t<div class=\"elementor-container elementor-column-gap-default\">\n\t\t\t\t\t<div class=\"elementor-column elementor-col-100 elementor-top-column elementor-element elementor-element-02fdf43\" data-id=\"02fdf43\" data-element_type=\"column\" data-e-type=\"column\">\n\t\t\t<div class=\"elementor-widget-wrap elementor-element-populated\">\n\t\t\t\t\t\t<div class=\"elementor-element elementor-element-88d32bf elementor-grid-tablet-eael-col-3 elementor-grid-mobile-eael-col-2 elementor-grid-eael-col-4 elementor-widget elementor-widget-eael-post-grid\" data-id=\"88d32bf\" data-element_type=\"widget\" data-e-type=\"widget\" data-settings=\"{&quot;eael_post_grid_columns_tablet&quot;:&quot;eael-col-3&quot;,&quot;eael_post_grid_columns_mobile&quot;:&quot;eael-col-2&quot;,&quot;eael_post_grid_columns&quot;:&quot;eael-col-4&quot;}\" data-widget_type=\"eael-post-grid.default\">\n\t\t\t\t<div class=\"elementor-widget-container\">\n\t\t\t\t\t<div id=\"eael-post-grid-88d32bf\" class=\"eael-post-grid-container\">\n            <div class=\"eael-post-grid eael-post-appender eael-post-appender-88d32bf eael-post-grid-style-three\" data-layout-mode=\"masonry\"><article class=\"eael-grid-post  eael-post-grid-column eael-pg-post-4649 category-koordination-und-kommunikation tags-forschung-klimaforschung-klimawandel-tum-tum-open-campus\" data-id=\"4649\">\n        <div class=\"eael-grid-post-holder\">\n            <div class=\"eael-grid-post-holder-inner\"><div class=\"eael-entry-media\"><div class=\"eael-entry-overlay fade-in\"><i class=\"fas fa-long-arrow-alt-right\" aria-hidden=\"true\"><\/i><a href=\"https:\/\/www.baysics.de\/en\/baysics-beim-tum-open-campus\/\"><\/a><\/div><div class=\"eael-entry-thumbnail\">\n                 <img fetchpriority=\"high\" decoding=\"async\" width=\"960\" height=\"1280\" src=\"https:\/\/www.baysics.de\/wp-content\/uploads\/2023\/03\/photo1679906394.jpeg\" class=\"attachment-full size-full wp-image-4652\" alt=\"BAYSICS beim TUM Open Campus in Weihenstephan\" srcset=\"https:\/\/www.baysics.de\/wp-content\/uploads\/2023\/03\/photo1679906394.jpeg 960w, https:\/\/www.baysics.de\/wp-content\/uploads\/2023\/03\/photo1679906394-225x300.jpeg 225w, https:\/\/www.baysics.de\/wp-content\/uploads\/2023\/03\/photo1679906394-768x1024.jpeg 768w, https:\/\/www.baysics.de\/wp-content\/uploads\/2023\/03\/photo1679906394-9x12.jpeg 9w\" sizes=\"(max-width: 960px) 100vw, 960px\" \/>\n             <\/div>\n        <\/div><div class=\"eael-entry-wrapper\"><header class=\"eael-entry-header\"><h2 class=\"eael-entry-title\"><a class=\"eael-grid-post-link\" href=\"https:\/\/www.baysics.de\/en\/baysics-beim-tum-open-campus\/\" title=\"BAYSICS beim TUM Open Campus\">BAYSICS beim TUM Open Campus<\/a><\/h2><\/header><div class=\"eael-entry-meta\"><span class=\"eael-posted-on\"><time datetime=\"27.03.2023\">27.03.2023<\/time><\/span><\/div><div class=\"eael-entry-content\">\n                        <div class=\"eael-grid-post-excerpt\"><p>Am 24.03.2023 fand der TUM Open Campus in Weihenstephan statt, dort haben wir BAYSICS und den neuen Klimarucksack vorgestellt.<\/p><a href=\"https:\/\/www.baysics.de\/en\/baysics-beim-tum-open-campus\/\" class=\"eael-post-elements-readmore-btn\">read more<\/a><\/div>\n                    <\/div><\/div><\/div>\n        <\/div>\n    <\/article><article class=\"eael-grid-post  eael-post-grid-column eael-pg-post-4607 category-koordination-und-kommunikation-phaenologie-als-bioindikator tags-bayerischer-rundfunk-br-forschung-klimaforschung-klimawandel-lebensraum-radiowissen\" data-id=\"4607\">\n        <div class=\"eael-grid-post-holder\">\n            <div class=\"eael-grid-post-holder-inner\"><div class=\"eael-entry-media\"><div class=\"eael-entry-overlay fade-in\"><i class=\"fas fa-long-arrow-alt-right\" aria-hidden=\"true\"><\/i><a href=\"https:\/\/www.baysics.de\/en\/anpassung-des-lebensraums-aufgrund-des-klimawandels\/\"><\/a><\/div><div class=\"eael-entry-thumbnail\">\n                 <img decoding=\"async\" width=\"960\" height=\"641\" src=\"https:\/\/www.baysics.de\/wp-content\/uploads\/2023\/03\/Bufo_periglenes1_50.jpg\" class=\"attachment-full size-full wp-image-4609\" alt=\"goldfrosch\" srcset=\"https:\/\/www.baysics.de\/wp-content\/uploads\/2023\/03\/Bufo_periglenes1_50.jpg 960w, https:\/\/www.baysics.de\/wp-content\/uploads\/2023\/03\/Bufo_periglenes1_50-300x200.jpg 300w, https:\/\/www.baysics.de\/wp-content\/uploads\/2023\/03\/Bufo_periglenes1_50-768x513.jpg 768w, https:\/\/www.baysics.de\/wp-content\/uploads\/2023\/03\/Bufo_periglenes1_50-18x12.jpg 18w\" sizes=\"(max-width: 960px) 100vw, 960px\" \/>\n             <\/div>\n        <\/div><div class=\"eael-entry-wrapper\"><header class=\"eael-entry-header\"><h2 class=\"eael-entry-title\"><a class=\"eael-grid-post-link\" href=\"https:\/\/www.baysics.de\/en\/anpassung-des-lebensraums-aufgrund-des-klimawandels\/\" title=\"Anpassung des Lebensraums aufgrund des Klimawandels\">Anpassung des Lebensraums aufgrund des Klimawandels<\/a><\/h2><\/header><div class=\"eael-entry-meta\"><span class=\"eael-posted-on\"><time datetime=\"07.03.2023\">07.03.2023<\/time><\/span><\/div><div class=\"eael-entry-content\">\n                        <div class=\"eael-grid-post-excerpt\"><p>Beitrag von Prof. Annette Menzel im Bayerischer Rundfunk Radiowissen zum Thema Klimawandel und Lebensraum am 03.03.2023.<\/p><a href=\"https:\/\/www.baysics.de\/en\/anpassung-des-lebensraums-aufgrund-des-klimawandels\/\" class=\"eael-post-elements-readmore-btn\">read more<\/a><\/div>\n                    <\/div><\/div><\/div>\n        <\/div>\n    <\/article><article class=\"eael-grid-post  eael-post-grid-column eael-pg-post-4638 category-koordination-und-kommunikation-phaenologie-als-bioindikator-pollenbelastung tags-allergene-bayerischer-rundfunk-br-forschung-klimaforschung-klimawandel-pollen-pollensaison\" data-id=\"4638\">\n        <div class=\"eael-grid-post-holder\">\n            <div class=\"eael-grid-post-holder-inner\"><div class=\"eael-entry-media\"><div class=\"eael-entry-overlay fade-in\"><i class=\"fas fa-long-arrow-alt-right\" aria-hidden=\"true\"><\/i><a href=\"https:\/\/www.baysics.de\/en\/br-fernsehen-beginn-der-pollensaison-immer-frueher\/\"><\/a><\/div><div class=\"eael-entry-thumbnail\">\n                 <img decoding=\"async\" width=\"2560\" height=\"1707\" src=\"https:\/\/www.baysics.de\/wp-content\/uploads\/2023\/03\/IMG_3382-scaled.jpg\" class=\"attachment-full size-full wp-image-4639\" alt=\"Foto eines Haselk\u00e4tzchens\" srcset=\"https:\/\/www.baysics.de\/wp-content\/uploads\/2023\/03\/IMG_3382-scaled.jpg 2560w, https:\/\/www.baysics.de\/wp-content\/uploads\/2023\/03\/IMG_3382-300x200.jpg 300w, https:\/\/www.baysics.de\/wp-content\/uploads\/2023\/03\/IMG_3382-1024x683.jpg 1024w, https:\/\/www.baysics.de\/wp-content\/uploads\/2023\/03\/IMG_3382-768x512.jpg 768w, https:\/\/www.baysics.de\/wp-content\/uploads\/2023\/03\/IMG_3382-1536x1024.jpg 1536w, https:\/\/www.baysics.de\/wp-content\/uploads\/2023\/03\/IMG_3382-2048x1365.jpg 2048w, https:\/\/www.baysics.de\/wp-content\/uploads\/2023\/03\/IMG_3382-18x12.jpg 18w\" sizes=\"(max-width: 2560px) 100vw, 2560px\" \/>\n             <\/div>\n        <\/div><div class=\"eael-entry-wrapper\"><header class=\"eael-entry-header\"><h2 class=\"eael-entry-title\"><a class=\"eael-grid-post-link\" href=\"https:\/\/www.baysics.de\/en\/br-fernsehen-beginn-der-pollensaison-immer-frueher\/\" title=\"BR Fernsehen: Beginn der Pollensaison immer fr\u00fcher\">BR Fernsehen: Beginn der Pollensaison immer fr\u00fcher<\/a><\/h2><\/header><div class=\"eael-entry-meta\"><span class=\"eael-posted-on\"><time datetime=\"27.02.2023\">27.02.2023<\/time><\/span><\/div><div class=\"eael-entry-content\">\n                        <div class=\"eael-grid-post-excerpt\"><p>Die Pollensaison beginnt immer fr\u00fcher. Frau Prof. Annette Menzel im Fernsehbeitrag des Bayerischen Rundfunks am 27.02.2023.<\/p><a href=\"https:\/\/www.baysics.de\/en\/br-fernsehen-beginn-der-pollensaison-immer-frueher\/\" class=\"eael-post-elements-readmore-btn\">read more<\/a><\/div>\n                    <\/div><\/div><\/div>\n        <\/div>\n    <\/article><article class=\"eael-grid-post  eael-post-grid-column eael-pg-post-4620 category-koordination-und-kommunikation-phaenologie-als-bioindikator-pollenbelastung tags-allergie-allergien-bayerischer-rundfunk-br-forschung-klimaforschung-klimawandel-pollen-radiowelt\" data-id=\"4620\">\n        <div class=\"eael-grid-post-holder\">\n            <div class=\"eael-grid-post-holder-inner\"><div class=\"eael-entry-media\"><div class=\"eael-entry-overlay fade-in\"><i class=\"fas fa-long-arrow-alt-right\" aria-hidden=\"true\"><\/i><a href=\"https:\/\/www.baysics.de\/en\/radiobeitrag-pollen-im-anflug\/\"><\/a><\/div><div class=\"eael-entry-thumbnail\">\n                 <img loading=\"lazy\" decoding=\"async\" width=\"2560\" height=\"1707\" src=\"https:\/\/www.baysics.de\/wp-content\/uploads\/2023\/03\/Hasel-scaled.jpg\" class=\"attachment-full size-full wp-image-4621\" alt=\"Hasel K\u00e4tzchen\" srcset=\"https:\/\/www.baysics.de\/wp-content\/uploads\/2023\/03\/Hasel-scaled.jpg 2560w, https:\/\/www.baysics.de\/wp-content\/uploads\/2023\/03\/Hasel-300x200.jpg 300w, https:\/\/www.baysics.de\/wp-content\/uploads\/2023\/03\/Hasel-1024x683.jpg 1024w, https:\/\/www.baysics.de\/wp-content\/uploads\/2023\/03\/Hasel-768x512.jpg 768w, https:\/\/www.baysics.de\/wp-content\/uploads\/2023\/03\/Hasel-1536x1024.jpg 1536w, https:\/\/www.baysics.de\/wp-content\/uploads\/2023\/03\/Hasel-2048x1365.jpg 2048w, https:\/\/www.baysics.de\/wp-content\/uploads\/2023\/03\/Hasel-18x12.jpg 18w\" sizes=\"(max-width: 2560px) 100vw, 2560px\" \/>\n             <\/div>\n        <\/div><div class=\"eael-entry-wrapper\"><header class=\"eael-entry-header\"><h2 class=\"eael-entry-title\"><a class=\"eael-grid-post-link\" href=\"https:\/\/www.baysics.de\/en\/radiobeitrag-pollen-im-anflug\/\" title=\"Radiobeitrag: Pollen im Anflug\">Radiobeitrag: Pollen im Anflug<\/a><\/h2><\/header><div class=\"eael-entry-meta\"><span class=\"eael-posted-on\"><time datetime=\"09.02.2023\">09.02.2023<\/time><\/span><\/div><div class=\"eael-entry-content\">\n                        <div class=\"eael-grid-post-excerpt\"><p>Frau Prof. Annette Menzel bei der radioWelt des Bayerischen Rundfunks mit dem Titel \"Warum immer mehr Menschen unter einer Allergie leiden\"<\/p><a href=\"https:\/\/www.baysics.de\/en\/radiobeitrag-pollen-im-anflug\/\" class=\"eael-post-elements-readmore-btn\">read more<\/a><\/div>\n                    <\/div><\/div><\/div>\n        <\/div>\n    <\/article><\/div>\n            <div class=\"clearfix\"><\/div>\n        <\/div>            <div class=\"eael-load-more-button-wrap eael-force-hide\">\n                <button class=\"eael-load-more-button\" id=\"eael-load-more-btn-88d32bf\" data-widget-id=\"88d32bf\" data-widget=\"88d32bf\" data-page-id=\"3506\" data-template=\"{&quot;dir&quot;:&quot;lite&quot;,&quot;file_name&quot;:&quot;three.php&quot;,&quot;name&quot;:&quot;Post-Grid&quot;}\" data-class=\"Essential_Addons_Elementor\\Elements\\Post_Grid\" data-layout=\"masonry\" data-page=\"1\" data-args=\"orderby=date&amp;order=desc&amp;ignore_sticky_posts=1&amp;post_status=publish&amp;posts_per_page=4&amp;offset=0&amp;post_type=post\" data-max-page=\"8\">\n                    <span class=\"eael-btn-loader button__loader\"><\/span>\n                    <span class=\"eael_load_more_text\">load more<\/span>\n                <\/button>\n            <\/div>\n            \t\t\t\t<\/div>\n\t\t\t\t<\/div>\n\t\t\t\t<div class=\"elementor-element elementor-element-78d4c1b elementor-widget elementor-widget-spacer\" data-id=\"78d4c1b\" data-element_type=\"widget\" data-e-type=\"widget\" data-widget_type=\"spacer.default\">\n\t\t\t\t<div class=\"elementor-widget-container\">\n\t\t\t\t\t\t\t<div class=\"elementor-spacer\">\n\t\t\t<div class=\"elementor-spacer-inner\"><\/div>\n\t\t<\/div>\n\t\t\t\t\t\t<\/div>\n\t\t\t\t<\/div>\n\t\t\t\t\t<\/div>\n\t\t<\/div>\n\t\t\t\t\t<\/div>\n\t\t<\/section>\n\t\t\t\t<section class=\"elementor-section elementor-top-section elementor-element elementor-element-247cfe41 elementor-section-boxed elementor-section-height-default elementor-section-height-default\" data-id=\"247cfe41\" data-element_type=\"section\" data-e-type=\"section\" data-settings=\"{&quot;background_background&quot;:&quot;classic&quot;}\">\n\t\t\t\t\t\t<div class=\"elementor-container elementor-column-gap-default\">\n\t\t\t\t\t<div class=\"elementor-column elementor-col-100 elementor-top-column elementor-element elementor-element-3dc8ed92\" data-id=\"3dc8ed92\" data-element_type=\"column\" data-e-type=\"column\">\n\t\t\t<div class=\"elementor-widget-wrap elementor-element-populated\">\n\t\t\t\t\t\t<section class=\"elementor-section elementor-inner-section elementor-element elementor-element-46f5ee0f elementor-section-boxed elementor-section-height-default elementor-section-height-default\" data-id=\"46f5ee0f\" data-element_type=\"section\" data-e-type=\"section\">\n\t\t\t\t\t\t<div class=\"elementor-container elementor-column-gap-default\">\n\t\t\t\t\t<div class=\"elementor-column elementor-col-33 elementor-inner-column elementor-element elementor-element-62675617\" data-id=\"62675617\" data-element_type=\"column\" data-e-type=\"column\">\n\t\t\t<div class=\"elementor-widget-wrap elementor-element-populated\">\n\t\t\t\t\t\t<div class=\"elementor-element elementor-element-72b725cf elementor-button-danger elementor-align-center elementor-widget elementor-widget-button\" data-id=\"72b725cf\" data-element_type=\"widget\" data-e-type=\"widget\" data-widget_type=\"button.default\">\n\t\t\t\t<div class=\"elementor-widget-container\">\n\t\t\t\t\t\t\t\t\t<div class=\"elementor-button-wrapper\">\n\t\t\t\t\t<a class=\"elementor-button elementor-button-link elementor-size-xs\" href=\"https:\/\/www.baysics.de\/en\/impressum\/\">\n\t\t\t\t\t\t<span class=\"elementor-button-content-wrapper\">\n\t\t\t\t\t\t\t\t\t<span class=\"elementor-button-text\">Imprint<\/span>\n\t\t\t\t\t<\/span>\n\t\t\t\t\t<\/a>\n\t\t\t\t<\/div>\n\t\t\t\t\t\t\t\t<\/div>\n\t\t\t\t<\/div>\n\t\t\t\t\t<\/div>\n\t\t<\/div>\n\t\t\t\t<div class=\"elementor-column elementor-col-33 elementor-inner-column elementor-element elementor-element-5e02146f\" data-id=\"5e02146f\" data-element_type=\"column\" data-e-type=\"column\">\n\t\t\t<div class=\"elementor-widget-wrap elementor-element-populated\">\n\t\t\t\t\t\t<div class=\"elementor-element elementor-element-16a79479 elementor-shape-rounded elementor-grid-0 e-grid-align-center elementor-widget elementor-widget-social-icons\" data-id=\"16a79479\" data-element_type=\"widget\" data-e-type=\"widget\" data-widget_type=\"social-icons.default\">\n\t\t\t\t<div class=\"elementor-widget-container\">\n\t\t\t\t\t\t\t<div class=\"elementor-social-icons-wrapper elementor-grid\" role=\"list\">\n\t\t\t\t\t\t\t<span class=\"elementor-grid-item\" role=\"listitem\">\n\t\t\t\t\t<a class=\"elementor-icon elementor-social-icon elementor-social-icon-twitter elementor-repeater-item-8fe1dc5\" href=\"https:\/\/twitter.com\/baysics_portal\" target=\"_blank\">\n\t\t\t\t\t\t<span class=\"elementor-screen-only\">Twitter<\/span>\n\t\t\t\t\t\t\t\t\t\t\t\t\t<i class=\"fa fa-twitter\" aria-hidden=\"true\"><\/i>\n\t\t\t\t\t\t\t\t\t\t\t<\/a>\n\t\t\t\t<\/span>\n\t\t\t\t\t\t\t<span class=\"elementor-grid-item\" role=\"listitem\">\n\t\t\t\t\t<a class=\"elementor-icon elementor-social-icon elementor-social-icon-instagram elementor-repeater-item-8ac2a9f\" href=\"https:\/\/www.instagram.com\/baysics_portal\/\" target=\"_blank\">\n\t\t\t\t\t\t<span class=\"elementor-screen-only\">Instagram<\/span>\n\t\t\t\t\t\t\t\t\t\t\t\t\t<i class=\"fa fa-instagram\" aria-hidden=\"true\"><\/i>\n\t\t\t\t\t\t\t\t\t\t\t<\/a>\n\t\t\t\t<\/span>\n\t\t\t\t\t<\/div>\n\t\t\t\t\t\t<\/div>\n\t\t\t\t<\/div>\n\t\t\t\t\t<\/div>\n\t\t<\/div>\n\t\t\t\t<div class=\"elementor-column elementor-col-33 elementor-inner-column elementor-element elementor-element-6a51c475\" data-id=\"6a51c475\" data-element_type=\"column\" data-e-type=\"column\">\n\t\t\t<div class=\"elementor-widget-wrap elementor-element-populated\">\n\t\t\t\t\t\t<div class=\"elementor-element elementor-element-4a53725e elementor-button-danger elementor-align-center elementor-widget elementor-widget-button\" data-id=\"4a53725e\" data-element_type=\"widget\" data-e-type=\"widget\" data-widget_type=\"button.default\">\n\t\t\t\t<div class=\"elementor-widget-container\">\n\t\t\t\t\t\t\t\t\t<div class=\"elementor-button-wrapper\">\n\t\t\t\t\t<a class=\"elementor-button elementor-button-link elementor-size-xs\" href=\"https:\/\/www.baysics.de\/en\/datenschutzerklaerung\/\">\n\t\t\t\t\t\t<span class=\"elementor-button-content-wrapper\">\n\t\t\t\t\t\t\t\t\t<span class=\"elementor-button-text\">Privacy policy<\/span>\n\t\t\t\t\t<\/span>\n\t\t\t\t\t<\/a>\n\t\t\t\t<\/div>\n\t\t\t\t\t\t\t\t<\/div>\n\t\t\t\t<\/div>\n\t\t\t\t\t<\/div>\n\t\t<\/div>\n\t\t\t\t\t<\/div>\n\t\t<\/section>\n\t\t\t\t<div class=\"elementor-element elementor-element-501b5a32 elementor-widget elementor-widget-spacer\" data-id=\"501b5a32\" data-element_type=\"widget\" data-e-type=\"widget\" data-widget_type=\"spacer.default\">\n\t\t\t\t<div class=\"elementor-widget-container\">\n\t\t\t\t\t\t\t<div class=\"elementor-spacer\">\n\t\t\t<div class=\"elementor-spacer-inner\"><\/div>\n\t\t<\/div>\n\t\t\t\t\t\t<\/div>\n\t\t\t\t<\/div>\n\t\t\t\t\t<\/div>\n\t\t<\/div>\n\t\t\t\t\t<\/div>\n\t\t<\/section>\n\t\t\t\t<\/div>","protected":false},"excerpt":{"rendered":"<p>bayklif-Retreat in Tutzing: alle Verbund- und Jugendforschungsprojekte zusammen zum Netzwerken und Austauschen<\/p>","protected":false},"author":2,"featured_media":3513,"comment_status":"closed","ping_status":"closed","sticky":false,"template":"elementor_header_footer","format":"standard","meta":{"footnotes":""},"categories":[20,19,1,24,18,13,21,23,22,25],"tags":[53,57,29,40,60,58,59],"class_list":["post-3506","post","type-post","status-publish","format-standard","has-post-thumbnail","hentry","category-baumgrenzen-in-der-hoehe","category-it-infrastruktur","category-klimaeventportal","category-klimawandel-im-dialog","category-koordination-und-kommunikation","category-phaenologie-als-bioindikator","category-pollenbelastung","category-schueler-erforschen-klima","category-tiere-in-der-stadt","category-verantwortung-durch-klimaschutz","tag-53","tag-bayklif","tag-klimaforschung","tag-klimawandel","tag-netzwerken","tag-retreat","tag-tutzing","entry","has-media"],"yoast_head":"<!-- This site is optimized with the Yoast SEO plugin v27.5 - https:\/\/yoast.com\/product\/yoast-seo-wordpress\/ -->\n<title>bayklif-Retreat<\/title>\n<meta name=\"description\" content=\"bayklif-Retreat in Tutzing: alle Verbund- und Jugendforschungsprojekte zusammen zum Netzwerken und Austauschen\" \/>\n<meta name=\"robots\" content=\"index, follow, max-snippet:-1, max-image-preview:large, max-video-preview:-1\" \/>\n<link rel=\"canonical\" href=\"https:\/\/www.baysics.de\/en\/bayklif-retreat\/\" \/>\n<meta property=\"og:locale\" content=\"en_GB\" \/>\n<meta property=\"og:type\" content=\"article\" \/>\n<meta property=\"og:title\" content=\"BAYSICS - bayklif-Retreat\" \/>\n<meta property=\"og:description\" content=\"bayklif-Retreat in Tutzing: alle Verbund- und Jugendforschungsprojekte zusammen zum Netzwerken und Austauschen\" \/>\n<meta property=\"og:url\" content=\"https:\/\/www.baysics.de\/en\/bayklif-retreat\/\" \/>\n<meta property=\"og:site_name\" content=\"BAYSICS\" \/>\n<meta property=\"article:published_time\" content=\"2021-10-01T09:36:00+00:00\" \/>\n<meta property=\"article:modified_time\" content=\"2023-02-06T09:39:58+00:00\" \/>\n<meta property=\"og:image\" content=\"https:\/\/www.baysics.de\/wp-content\/uploads\/2022\/02\/QWQU-1.jpg\" \/>\n\t<meta property=\"og:image:width\" content=\"960\" \/>\n\t<meta property=\"og:image:height\" content=\"540\" \/>\n\t<meta property=\"og:image:type\" content=\"image\/jpeg\" \/>\n<meta name=\"author\" content=\"Alissa L\u00fcpke\" \/>\n<meta name=\"twitter:card\" content=\"summary_large_image\" \/>\n<meta name=\"twitter:title\" content=\"BAYSICS - bayklif-Retreat\" \/>\n<meta name=\"twitter:description\" content=\"bayklif-Retreat in Tutzing: alle Verbund- und Jugendforschungsprojekte zusammen zum Netzwerken und Austauschen\" \/>\n<meta name=\"twitter:image\" content=\"https:\/\/www.baysics.de\/wp-content\/uploads\/2022\/02\/QWQU.jpg\" \/>\n<meta name=\"twitter:creator\" content=\"@baysics_portal\" \/>\n<meta name=\"twitter:site\" content=\"@baysics_portal\" \/>\n<meta name=\"twitter:label1\" content=\"Written by\" \/>\n\t<meta name=\"twitter:data1\" content=\"Alissa L\u00fcpke\" \/>\n\t<meta name=\"twitter:label2\" content=\"Estimated reading time\" \/>\n\t<meta name=\"twitter:data2\" content=\"3 minutes\" \/>\n<script type=\"application\/ld+json\" class=\"yoast-schema-graph\">{\"@context\":\"https:\\\/\\\/schema.org\",\"@graph\":[{\"@type\":\"Article\",\"@id\":\"https:\\\/\\\/www.baysics.de\\\/bayklif-retreat\\\/#article\",\"isPartOf\":{\"@id\":\"https:\\\/\\\/www.baysics.de\\\/bayklif-retreat\\\/\"},\"author\":{\"name\":\"Alissa L\u00fcpke\",\"@id\":\"https:\\\/\\\/www.baysics.de\\\/#\\\/schema\\\/person\\\/00d88e34ecccd578a8fb9db0d4d5dc2d\"},\"headline\":\"bayklif-Retreat\",\"datePublished\":\"2021-10-01T09:36:00+00:00\",\"dateModified\":\"2023-02-06T09:39:58+00:00\",\"mainEntityOfPage\":{\"@id\":\"https:\\\/\\\/www.baysics.de\\\/bayklif-retreat\\\/\"},\"wordCount\":382,\"publisher\":{\"@id\":\"https:\\\/\\\/www.baysics.de\\\/#organization\"},\"image\":{\"@id\":\"https:\\\/\\\/www.baysics.de\\\/bayklif-retreat\\\/#primaryimage\"},\"thumbnailUrl\":\"https:\\\/\\\/www.baysics.de\\\/wp-content\\\/uploads\\\/2022\\\/02\\\/QWQU.jpg\",\"keywords\":[\"2021\",\"bayklif\",\"Klimaforschung\",\"klimawandel\",\"netzwerken\",\"retreat\",\"tutzing\"],\"articleSection\":[\"Baumgrenzen in der H\u00f6he\",\"IT Infrastruktur\",\"KlimaEventPortal\",\"Klimawandel im Dialog\",\"Koordination und Kommunikation\",\"Ph\u00e4nologie als Bioindikator\",\"Pollenbelastung\",\"Sch\u00fcler erforschen Klima\",\"Tiere in der Stadt\",\"Verantwortung durch Klimaschutz\"],\"inLanguage\":\"en-GB\"},{\"@type\":\"WebPage\",\"@id\":\"https:\\\/\\\/www.baysics.de\\\/bayklif-retreat\\\/\",\"url\":\"https:\\\/\\\/www.baysics.de\\\/bayklif-retreat\\\/\",\"name\":\"bayklif-Retreat\",\"isPartOf\":{\"@id\":\"https:\\\/\\\/www.baysics.de\\\/#website\"},\"primaryImageOfPage\":{\"@id\":\"https:\\\/\\\/www.baysics.de\\\/bayklif-retreat\\\/#primaryimage\"},\"image\":{\"@id\":\"https:\\\/\\\/www.baysics.de\\\/bayklif-retreat\\\/#primaryimage\"},\"thumbnailUrl\":\"https:\\\/\\\/www.baysics.de\\\/wp-content\\\/uploads\\\/2022\\\/02\\\/QWQU.jpg\",\"datePublished\":\"2021-10-01T09:36:00+00:00\",\"dateModified\":\"2023-02-06T09:39:58+00:00\",\"description\":\"bayklif-Retreat in Tutzing: alle Verbund- und Jugendforschungsprojekte zusammen zum Netzwerken und Austauschen\",\"breadcrumb\":{\"@id\":\"https:\\\/\\\/www.baysics.de\\\/bayklif-retreat\\\/#breadcrumb\"},\"inLanguage\":\"en-GB\",\"potentialAction\":[{\"@type\":\"ReadAction\",\"target\":[\"https:\\\/\\\/www.baysics.de\\\/bayklif-retreat\\\/\"]}]},{\"@type\":\"ImageObject\",\"inLanguage\":\"en-GB\",\"@id\":\"https:\\\/\\\/www.baysics.de\\\/bayklif-retreat\\\/#primaryimage\",\"url\":\"https:\\\/\\\/www.baysics.de\\\/wp-content\\\/uploads\\\/2022\\\/02\\\/QWQU.jpg\",\"contentUrl\":\"https:\\\/\\\/www.baysics.de\\\/wp-content\\\/uploads\\\/2022\\\/02\\\/QWQU.jpg\",\"width\":960,\"height\":540,\"caption\":\"BAYKLIF Retreat Vortrag\"},{\"@type\":\"BreadcrumbList\",\"@id\":\"https:\\\/\\\/www.baysics.de\\\/bayklif-retreat\\\/#breadcrumb\",\"itemListElement\":[{\"@type\":\"ListItem\",\"position\":1,\"name\":\"Startseite\",\"item\":\"https:\\\/\\\/www.baysics.de\\\/\"},{\"@type\":\"ListItem\",\"position\":2,\"name\":\"bayklif-Retreat\"}]},{\"@type\":\"WebSite\",\"@id\":\"https:\\\/\\\/www.baysics.de\\\/#website\",\"url\":\"https:\\\/\\\/www.baysics.de\\\/\",\"name\":\"BAYSICS\",\"description\":\"Bayerisches Synthese-Informations-Citizen Science Portal f\u00fcr Klimaforschung und Wissenschaftskommunikation\",\"publisher\":{\"@id\":\"https:\\\/\\\/www.baysics.de\\\/#organization\"},\"potentialAction\":[{\"@type\":\"SearchAction\",\"target\":{\"@type\":\"EntryPoint\",\"urlTemplate\":\"https:\\\/\\\/www.baysics.de\\\/?s={search_term_string}\"},\"query-input\":{\"@type\":\"PropertyValueSpecification\",\"valueRequired\":true,\"valueName\":\"search_term_string\"}}],\"inLanguage\":\"en-GB\"},{\"@type\":\"Organization\",\"@id\":\"https:\\\/\\\/www.baysics.de\\\/#organization\",\"name\":\"BAYSICS\",\"url\":\"https:\\\/\\\/www.baysics.de\\\/\",\"logo\":{\"@type\":\"ImageObject\",\"inLanguage\":\"en-GB\",\"@id\":\"https:\\\/\\\/www.baysics.de\\\/#\\\/schema\\\/logo\\\/image\\\/\",\"url\":\"https:\\\/\\\/www.baysics.de\\\/wp-content\\\/uploads\\\/2018\\\/11\\\/Logo_schrift_large@3x.png\",\"contentUrl\":\"https:\\\/\\\/www.baysics.de\\\/wp-content\\\/uploads\\\/2018\\\/11\\\/Logo_schrift_large@3x.png\",\"width\":1068,\"height\":300,\"caption\":\"BAYSICS\"},\"image\":{\"@id\":\"https:\\\/\\\/www.baysics.de\\\/#\\\/schema\\\/logo\\\/image\\\/\"},\"sameAs\":[\"https:\\\/\\\/x.com\\\/baysics_portal\",\"https:\\\/\\\/www.instagram.com\\\/baysics_portal\\\/\"]},{\"@type\":\"Person\",\"@id\":\"https:\\\/\\\/www.baysics.de\\\/#\\\/schema\\\/person\\\/00d88e34ecccd578a8fb9db0d4d5dc2d\",\"name\":\"Alissa L\u00fcpke\",\"image\":{\"@type\":\"ImageObject\",\"inLanguage\":\"en-GB\",\"@id\":\"https:\\\/\\\/secure.gravatar.com\\\/avatar\\\/1bfe3d9e7a023e4cda1abdd4256090ffe5b5b44e75c7bab3c39dabb25203e8dd?s=96&d=mm&r=g\",\"url\":\"https:\\\/\\\/secure.gravatar.com\\\/avatar\\\/1bfe3d9e7a023e4cda1abdd4256090ffe5b5b44e75c7bab3c39dabb25203e8dd?s=96&d=mm&r=g\",\"contentUrl\":\"https:\\\/\\\/secure.gravatar.com\\\/avatar\\\/1bfe3d9e7a023e4cda1abdd4256090ffe5b5b44e75c7bab3c39dabb25203e8dd?s=96&d=mm&r=g\",\"caption\":\"Alissa L\u00fcpke\"}}]}<\/script>\n<!-- \/ Yoast SEO plugin. -->","yoast_head_json":{"title":"bayklif-Retreat","description":"bayklif-Retreat in Tutzing: alle Verbund- und Jugendforschungsprojekte zusammen zum Netzwerken und Austauschen","robots":{"index":"index","follow":"follow","max-snippet":"max-snippet:-1","max-image-preview":"max-image-preview:large","max-video-preview":"max-video-preview:-1"},"canonical":"https:\/\/www.baysics.de\/en\/bayklif-retreat\/","og_locale":"en_GB","og_type":"article","og_title":"BAYSICS - bayklif-Retreat","og_description":"bayklif-Retreat in Tutzing: alle Verbund- und Jugendforschungsprojekte zusammen zum Netzwerken und Austauschen","og_url":"https:\/\/www.baysics.de\/en\/bayklif-retreat\/","og_site_name":"BAYSICS","article_published_time":"2021-10-01T09:36:00+00:00","article_modified_time":"2023-02-06T09:39:58+00:00","og_image":[{"width":960,"height":540,"url":"https:\/\/www.baysics.de\/wp-content\/uploads\/2022\/02\/QWQU-1.jpg","type":"image\/jpeg"}],"author":"Alissa L\u00fcpke","twitter_card":"summary_large_image","twitter_title":"BAYSICS - bayklif-Retreat","twitter_description":"bayklif-Retreat in Tutzing: alle Verbund- und Jugendforschungsprojekte zusammen zum Netzwerken und Austauschen","twitter_image":"https:\/\/www.baysics.de\/wp-content\/uploads\/2022\/02\/QWQU.jpg","twitter_creator":"@baysics_portal","twitter_site":"@baysics_portal","twitter_misc":{"Written by":"Alissa L\u00fcpke","Estimated reading time":"3 minutes"},"schema":{"@context":"https:\/\/schema.org","@graph":[{"@type":"Article","@id":"https:\/\/www.baysics.de\/bayklif-retreat\/#article","isPartOf":{"@id":"https:\/\/www.baysics.de\/bayklif-retreat\/"},"author":{"name":"Alissa L\u00fcpke","@id":"https:\/\/www.baysics.de\/#\/schema\/person\/00d88e34ecccd578a8fb9db0d4d5dc2d"},"headline":"bayklif-Retreat","datePublished":"2021-10-01T09:36:00+00:00","dateModified":"2023-02-06T09:39:58+00:00","mainEntityOfPage":{"@id":"https:\/\/www.baysics.de\/bayklif-retreat\/"},"wordCount":382,"publisher":{"@id":"https:\/\/www.baysics.de\/#organization"},"image":{"@id":"https:\/\/www.baysics.de\/bayklif-retreat\/#primaryimage"},"thumbnailUrl":"https:\/\/www.baysics.de\/wp-content\/uploads\/2022\/02\/QWQU.jpg","keywords":["2021","bayklif","Klimaforschung","klimawandel","netzwerken","retreat","tutzing"],"articleSection":["Baumgrenzen in der H\u00f6he","IT Infrastruktur","KlimaEventPortal","Klimawandel im Dialog","Koordination und Kommunikation","Ph\u00e4nologie als Bioindikator","Pollenbelastung","Sch\u00fcler erforschen Klima","Tiere in der Stadt","Verantwortung durch Klimaschutz"],"inLanguage":"en-GB"},{"@type":"WebPage","@id":"https:\/\/www.baysics.de\/bayklif-retreat\/","url":"https:\/\/www.baysics.de\/bayklif-retreat\/","name":"bayklif-Retreat","isPartOf":{"@id":"https:\/\/www.baysics.de\/#website"},"primaryImageOfPage":{"@id":"https:\/\/www.baysics.de\/bayklif-retreat\/#primaryimage"},"image":{"@id":"https:\/\/www.baysics.de\/bayklif-retreat\/#primaryimage"},"thumbnailUrl":"https:\/\/www.baysics.de\/wp-content\/uploads\/2022\/02\/QWQU.jpg","datePublished":"2021-10-01T09:36:00+00:00","dateModified":"2023-02-06T09:39:58+00:00","description":"bayklif-Retreat in Tutzing: alle Verbund- und Jugendforschungsprojekte zusammen zum Netzwerken und Austauschen","breadcrumb":{"@id":"https:\/\/www.baysics.de\/bayklif-retreat\/#breadcrumb"},"inLanguage":"en-GB","potentialAction":[{"@type":"ReadAction","target":["https:\/\/www.baysics.de\/bayklif-retreat\/"]}]},{"@type":"ImageObject","inLanguage":"en-GB","@id":"https:\/\/www.baysics.de\/bayklif-retreat\/#primaryimage","url":"https:\/\/www.baysics.de\/wp-content\/uploads\/2022\/02\/QWQU.jpg","contentUrl":"https:\/\/www.baysics.de\/wp-content\/uploads\/2022\/02\/QWQU.jpg","width":960,"height":540,"caption":"BAYKLIF Retreat Vortrag"},{"@type":"BreadcrumbList","@id":"https:\/\/www.baysics.de\/bayklif-retreat\/#breadcrumb","itemListElement":[{"@type":"ListItem","position":1,"name":"Startseite","item":"https:\/\/www.baysics.de\/"},{"@type":"ListItem","position":2,"name":"bayklif-Retreat"}]},{"@type":"WebSite","@id":"https:\/\/www.baysics.de\/#website","url":"https:\/\/www.baysics.de\/","name":"BAYSICS","description":"Bayerisches Synthese-Informations-Citizen Science Portal f\u00fcr Klimaforschung und Wissenschaftskommunikation","publisher":{"@id":"https:\/\/www.baysics.de\/#organization"},"potentialAction":[{"@type":"SearchAction","target":{"@type":"EntryPoint","urlTemplate":"https:\/\/www.baysics.de\/?s={search_term_string}"},"query-input":{"@type":"PropertyValueSpecification","valueRequired":true,"valueName":"search_term_string"}}],"inLanguage":"en-GB"},{"@type":"Organization","@id":"https:\/\/www.baysics.de\/#organization","name":"BAYSICS","url":"https:\/\/www.baysics.de\/","logo":{"@type":"ImageObject","inLanguage":"en-GB","@id":"https:\/\/www.baysics.de\/#\/schema\/logo\/image\/","url":"https:\/\/www.baysics.de\/wp-content\/uploads\/2018\/11\/Logo_schrift_large@3x.png","contentUrl":"https:\/\/www.baysics.de\/wp-content\/uploads\/2018\/11\/Logo_schrift_large@3x.png","width":1068,"height":300,"caption":"BAYSICS"},"image":{"@id":"https:\/\/www.baysics.de\/#\/schema\/logo\/image\/"},"sameAs":["https:\/\/x.com\/baysics_portal","https:\/\/www.instagram.com\/baysics_portal\/"]},{"@type":"Person","@id":"https:\/\/www.baysics.de\/#\/schema\/person\/00d88e34ecccd578a8fb9db0d4d5dc2d","name":"Alissa L\u00fcpke","image":{"@type":"ImageObject","inLanguage":"en-GB","@id":"https:\/\/secure.gravatar.com\/avatar\/1bfe3d9e7a023e4cda1abdd4256090ffe5b5b44e75c7bab3c39dabb25203e8dd?s=96&d=mm&r=g","url":"https:\/\/secure.gravatar.com\/avatar\/1bfe3d9e7a023e4cda1abdd4256090ffe5b5b44e75c7bab3c39dabb25203e8dd?s=96&d=mm&r=g","contentUrl":"https:\/\/secure.gravatar.com\/avatar\/1bfe3d9e7a023e4cda1abdd4256090ffe5b5b44e75c7bab3c39dabb25203e8dd?s=96&d=mm&r=g","caption":"Alissa L\u00fcpke"}}]}},"_links":{"self":[{"href":"https:\/\/www.baysics.de\/en\/wp-json\/wp\/v2\/posts\/3506","targetHints":{"allow":["GET"]}}],"collection":[{"href":"https:\/\/www.baysics.de\/en\/wp-json\/wp\/v2\/posts"}],"about":[{"href":"https:\/\/www.baysics.de\/en\/wp-json\/wp\/v2\/types\/post"}],"author":[{"embeddable":true,"href":"https:\/\/www.baysics.de\/en\/wp-json\/wp\/v2\/users\/2"}],"replies":[{"embeddable":true,"href":"https:\/\/www.baysics.de\/en\/wp-json\/wp\/v2\/comments?post=3506"}],"version-history":[{"count":11,"href":"https:\/\/www.baysics.de\/en\/wp-json\/wp\/v2\/posts\/3506\/revisions"}],"predecessor-version":[{"id":4437,"href":"https:\/\/www.baysics.de\/en\/wp-json\/wp\/v2\/posts\/3506\/revisions\/4437"}],"wp:featuredmedia":[{"embeddable":true,"href":"https:\/\/www.baysics.de\/en\/wp-json\/wp\/v2\/media\/3513"}],"wp:attachment":[{"href":"https:\/\/www.baysics.de\/en\/wp-json\/wp\/v2\/media?parent=3506"}],"wp:term":[{"taxonomy":"category","embeddable":true,"href":"https:\/\/www.baysics.de\/en\/wp-json\/wp\/v2\/categories?post=3506"},{"taxonomy":"post_tag","embeddable":true,"href":"https:\/\/www.baysics.de\/en\/wp-json\/wp\/v2\/tags?post=3506"}],"curies":[{"name":"wp","href":"https:\/\/api.w.org\/{rel}","templated":true}]}}