{"id":1284,"date":"2019-09-02T15:55:24","date_gmt":"2019-09-02T13:55:24","guid":{"rendered":"https:\/\/www.baysics.de\/?p=1284"},"modified":"2023-02-06T11:02:57","modified_gmt":"2023-02-06T10:02:57","slug":"derbaum4","status":"publish","type":"post","link":"https:\/\/www.baysics.de\/en\/derbaum4\/","title":{"rendered":"Der &#8222;Baum 4.0&#8220; ist Online"},"content":{"rendered":"<div data-elementor-type=\"wp-post\" data-elementor-id=\"1284\" class=\"elementor elementor-1284\">\n\t\t\t\t\t\t<section class=\"elementor-section elementor-top-section elementor-element elementor-element-94811b2 elementor-section-boxed elementor-section-height-default elementor-section-height-default\" data-id=\"94811b2\" data-element_type=\"section\" data-e-type=\"section\">\n\t\t\t\t\t\t<div class=\"elementor-container elementor-column-gap-default\">\n\t\t\t\t\t<div class=\"elementor-column elementor-col-100 elementor-top-column elementor-element elementor-element-58802ad\" data-id=\"58802ad\" data-element_type=\"column\" data-e-type=\"column\">\n\t\t\t<div class=\"elementor-widget-wrap elementor-element-populated\">\n\t\t\t\t\t\t<div class=\"elementor-element elementor-element-f3dd922 elementor-widget elementor-widget-spacer\" data-id=\"f3dd922\" data-element_type=\"widget\" data-e-type=\"widget\" data-widget_type=\"spacer.default\">\n\t\t\t\t<div class=\"elementor-widget-container\">\n\t\t\t\t\t\t\t<div class=\"elementor-spacer\">\n\t\t\t<div class=\"elementor-spacer-inner\"><\/div>\n\t\t<\/div>\n\t\t\t\t\t\t<\/div>\n\t\t\t\t<\/div>\n\t\t\t\t\t<\/div>\n\t\t<\/div>\n\t\t\t\t\t<\/div>\n\t\t<\/section>\n\t\t\t\t<section class=\"elementor-section elementor-top-section elementor-element elementor-element-a242cb0 elementor-section-boxed elementor-section-height-default elementor-section-height-default\" data-id=\"a242cb0\" data-element_type=\"section\" data-e-type=\"section\">\n\t\t\t\t\t\t<div class=\"elementor-container elementor-column-gap-no\">\n\t\t\t\t\t<div class=\"elementor-column elementor-col-100 elementor-top-column elementor-element elementor-element-afa7400\" data-id=\"afa7400\" data-element_type=\"column\" data-e-type=\"column\">\n\t\t\t<div class=\"elementor-widget-wrap elementor-element-populated\">\n\t\t\t\t\t\t<div class=\"elementor-element elementor-element-7dd0a72 elementor-widget elementor-widget-heading\" data-id=\"7dd0a72\" data-element_type=\"widget\" data-e-type=\"widget\" data-widget_type=\"heading.default\">\n\t\t\t\t<div class=\"elementor-widget-container\">\n\t\t\t\t\t<h1 class=\"elementor-heading-title elementor-size-default\">Unser Umweltprojekt <br>\"Baum 4.0\" ist online<\/h1>\t\t\t\t<\/div>\n\t\t\t\t<\/div>\n\t\t\t\t<div class=\"elementor-element elementor-element-4bcc6d5 elementor-widget elementor-widget-spacer\" data-id=\"4bcc6d5\" data-element_type=\"widget\" data-e-type=\"widget\" data-widget_type=\"spacer.default\">\n\t\t\t\t<div class=\"elementor-widget-container\">\n\t\t\t\t\t\t\t<div class=\"elementor-spacer\">\n\t\t\t<div class=\"elementor-spacer-inner\"><\/div>\n\t\t<\/div>\n\t\t\t\t\t\t<\/div>\n\t\t\t\t<\/div>\n\t\t\t\t<section class=\"elementor-section elementor-inner-section elementor-element elementor-element-ac875ea elementor-section-full_width elementor-section-height-default elementor-section-height-default\" data-id=\"ac875ea\" data-element_type=\"section\" data-e-type=\"section\">\n\t\t\t\t\t\t<div class=\"elementor-container elementor-column-gap-default\">\n\t\t\t\t\t<div class=\"elementor-column elementor-col-50 elementor-inner-column elementor-element elementor-element-c21b9f4\" data-id=\"c21b9f4\" data-element_type=\"column\" data-e-type=\"column\">\n\t\t\t<div class=\"elementor-widget-wrap elementor-element-populated\">\n\t\t\t\t\t\t<div class=\"elementor-element elementor-element-faf1e69 elementor-widget elementor-widget-text-editor\" data-id=\"faf1e69\" data-element_type=\"widget\" data-e-type=\"widget\" data-widget_type=\"text-editor.default\">\n\t\t\t\t<div class=\"elementor-widget-container\">\n\t\t\t\t\t\t\t\t\t<p>Unter dem Namen &#8222;Baum 4.0&#8220; ist eines unserer Umweltprojekte online gegangen. Wir freuen uns mitzuteilen, dass mittlerweile zwei von vier ausgew\u00e4hlten B\u00e4umen Messdaten \u00fcber ihre Vitalfunktion, Wachstum und Wasserhaushalt auf unsere Plattform \u00fcbertragen. Die B\u00e4ume sind an unterschiedlichen Standorten in Bayern verteilt. <\/p>\t\t\t\t\t\t\t\t<\/div>\n\t\t\t\t<\/div>\n\t\t\t\t<div class=\"elementor-element elementor-element-5071d29 elementor-tabs-view-horizontal elementor-widget elementor-widget-tabs\" data-id=\"5071d29\" data-element_type=\"widget\" data-e-type=\"widget\" data-widget_type=\"tabs.default\">\n\t\t\t\t<div class=\"elementor-widget-container\">\n\t\t\t\t\t\t\t<div class=\"elementor-tabs\">\n\t\t\t<div class=\"elementor-tabs-wrapper\" role=\"tablist\" >\n\t\t\t\t\t\t\t\t\t<div id=\"elementor-tab-title-8431\" class=\"elementor-tab-title elementor-tab-desktop-title\" aria-selected=\"true\" data-tab=\"1\" role=\"tab\" tabindex=\"0\" aria-controls=\"elementor-tab-content-8431\" aria-expanded=\"false\">Augsburg<\/div>\n\t\t\t\t\t\t\t\t\t<div id=\"elementor-tab-title-8432\" class=\"elementor-tab-title elementor-tab-desktop-title\" aria-selected=\"false\" data-tab=\"2\" role=\"tab\" tabindex=\"-1\" aria-controls=\"elementor-tab-content-8432\" aria-expanded=\"false\">M\u00fcnchen<\/div>\n\t\t\t\t\t\t\t\t\t<div id=\"elementor-tab-title-8433\" class=\"elementor-tab-title elementor-tab-desktop-title\" aria-selected=\"false\" data-tab=\"3\" role=\"tab\" tabindex=\"-1\" aria-controls=\"elementor-tab-content-8433\" aria-expanded=\"false\">Eichst\u00e4tt<\/div>\n\t\t\t\t\t\t\t\t\t<div id=\"elementor-tab-title-8434\" class=\"elementor-tab-title elementor-tab-desktop-title\" aria-selected=\"false\" data-tab=\"4\" role=\"tab\" tabindex=\"-1\" aria-controls=\"elementor-tab-content-8434\" aria-expanded=\"false\">Berchtesgaden<\/div>\n\t\t\t\t\t\t\t<\/div>\n\t\t\t<div class=\"elementor-tabs-content-wrapper\" role=\"tablist\" aria-orientation=\"vertical\">\n\t\t\t\t\t\t\t\t\t<div class=\"elementor-tab-title elementor-tab-mobile-title\" aria-selected=\"true\" data-tab=\"1\" role=\"tab\" tabindex=\"0\" aria-controls=\"elementor-tab-content-8431\" aria-expanded=\"false\">Augsburg<\/div>\n\t\t\t\t\t<div id=\"elementor-tab-content-8431\" class=\"elementor-tab-content elementor-clearfix\" data-tab=\"1\" role=\"tabpanel\" aria-labelledby=\"elementor-tab-title-8431\" tabindex=\"0\" hidden=\"false\"><p>Der in Augsburg ausgew\u00e4hlte &#8222;Baum 4.0&#8220; befindet sich am Eiskanal und steht somit in engem Zusammenhang mit dem Thema &#8222;Wasser&#8220; der UNESCO Welterbe-Stadt Augsburg.<\/p><\/div>\n\t\t\t\t\t\t\t\t\t<div class=\"elementor-tab-title elementor-tab-mobile-title\" aria-selected=\"false\" data-tab=\"2\" role=\"tab\" tabindex=\"-1\" aria-controls=\"elementor-tab-content-8432\" aria-expanded=\"false\">M\u00fcnchen<\/div>\n\t\t\t\t\t<div id=\"elementor-tab-content-8432\" class=\"elementor-tab-content elementor-clearfix\" data-tab=\"2\" role=\"tabpanel\" aria-labelledby=\"elementor-tab-title-8432\" tabindex=\"0\" hidden=\"hidden\"><p>In M\u00fcnchen wurde ein Baum im Botanischen Garten M\u00fcnchen und somit in Mitte der st\u00e4dtischen W\u00e4rmeinsel ausgew\u00e4hlt. Der Botanische Garten bietet eine vielzahl unterschiedlicher Baumarten an, als &#8222;Baum 4.0&#8220; ausgestattet wurde hiertunter eine heimische Rotbuche.<\/p><\/div>\n\t\t\t\t\t\t\t\t\t<div class=\"elementor-tab-title elementor-tab-mobile-title\" aria-selected=\"false\" data-tab=\"3\" role=\"tab\" tabindex=\"-1\" aria-controls=\"elementor-tab-content-8433\" aria-expanded=\"false\">Eichst\u00e4tt<\/div>\n\t\t\t\t\t<div id=\"elementor-tab-content-8433\" class=\"elementor-tab-content elementor-clearfix\" data-tab=\"3\" role=\"tabpanel\" aria-labelledby=\"elementor-tab-title-8433\" tabindex=\"0\" hidden=\"hidden\"><p>Im traditionellen barocken Hofgarten in Eichst\u00e4tt bildet der &#8222;Baum 4.0&#8220; eine Br\u00fccke in das digitale Zeitalter. <\/p><\/div>\n\t\t\t\t\t\t\t\t\t<div class=\"elementor-tab-title elementor-tab-mobile-title\" aria-selected=\"false\" data-tab=\"4\" role=\"tab\" tabindex=\"-1\" aria-controls=\"elementor-tab-content-8434\" aria-expanded=\"false\">Berchtesgaden<\/div>\n\t\t\t\t\t<div id=\"elementor-tab-content-8434\" class=\"elementor-tab-content elementor-clearfix\" data-tab=\"4\" role=\"tabpanel\" aria-labelledby=\"elementor-tab-title-8434\" tabindex=\"0\" hidden=\"hidden\"><p>Berchtesgaden bildet einen alpinen Standort fern der St\u00e4dte und zeigt somit spannende Unterschiede zu den anderen Standorten auf.<\/p><\/div>\n\t\t\t\t\t\t\t<\/div>\n\t\t<\/div>\n\t\t\t\t\t\t<\/div>\n\t\t\t\t<\/div>\n\t\t\t\t\t<\/div>\n\t\t<\/div>\n\t\t\t\t<div class=\"elementor-column elementor-col-50 elementor-inner-column elementor-element elementor-element-5b29529\" data-id=\"5b29529\" data-element_type=\"column\" data-e-type=\"column\">\n\t\t\t<div class=\"elementor-widget-wrap elementor-element-populated\">\n\t\t\t\t\t\t<div class=\"elementor-element elementor-element-1fefb97 elementor-widget elementor-widget-image\" data-id=\"1fefb97\" data-element_type=\"widget\" data-e-type=\"widget\" data-widget_type=\"image.default\">\n\t\t\t\t<div class=\"elementor-widget-container\">\n\t\t\t\t\t\t\t\t\t\t\t\t\t\t\t<img fetchpriority=\"high\" decoding=\"async\" width=\"300\" height=\"265\" src=\"https:\/\/www.baysics.de\/wp-content\/uploads\/2019\/09\/background-300x265.png\" class=\"attachment-medium size-medium wp-image-1289\" alt=\"Standorte des Baum 4.0 in Bayern\" srcset=\"https:\/\/www.baysics.de\/wp-content\/uploads\/2019\/09\/background-300x265.png 300w, https:\/\/www.baysics.de\/wp-content\/uploads\/2019\/09\/background-768x678.png 768w, https:\/\/www.baysics.de\/wp-content\/uploads\/2019\/09\/background-1024x904.png 1024w, https:\/\/www.baysics.de\/wp-content\/uploads\/2019\/09\/background.png 1853w\" sizes=\"(max-width: 300px) 100vw, 300px\" \/>\t\t\t\t\t\t\t\t\t\t\t\t\t\t\t<\/div>\n\t\t\t\t<\/div>\n\t\t\t\t\t<\/div>\n\t\t<\/div>\n\t\t\t\t\t<\/div>\n\t\t<\/section>\n\t\t\t\t\t<\/div>\n\t\t<\/div>\n\t\t\t\t\t<\/div>\n\t\t<\/section>\n\t\t\t\t<section class=\"elementor-section elementor-top-section elementor-element elementor-element-f4ff5f6 elementor-section-boxed elementor-section-height-default elementor-section-height-default\" data-id=\"f4ff5f6\" data-element_type=\"section\" data-e-type=\"section\">\n\t\t\t\t\t\t<div class=\"elementor-container elementor-column-gap-default\">\n\t\t\t\t\t<div class=\"elementor-column elementor-col-100 elementor-top-column elementor-element elementor-element-9064777\" data-id=\"9064777\" data-element_type=\"column\" data-e-type=\"column\">\n\t\t\t<div class=\"elementor-widget-wrap elementor-element-populated\">\n\t\t\t\t\t\t<div class=\"elementor-element elementor-element-22fb879 elementor-widget elementor-widget-spacer\" data-id=\"22fb879\" data-element_type=\"widget\" data-e-type=\"widget\" data-widget_type=\"spacer.default\">\n\t\t\t\t<div class=\"elementor-widget-container\">\n\t\t\t\t\t\t\t<div class=\"elementor-spacer\">\n\t\t\t<div class=\"elementor-spacer-inner\"><\/div>\n\t\t<\/div>\n\t\t\t\t\t\t<\/div>\n\t\t\t\t<\/div>\n\t\t\t\t\t<\/div>\n\t\t<\/div>\n\t\t\t\t\t<\/div>\n\t\t<\/section>\n\t\t\t\t<section class=\"elementor-section elementor-top-section elementor-element elementor-element-7aefe3c elementor-section-boxed elementor-section-height-default elementor-section-height-default\" data-id=\"7aefe3c\" data-element_type=\"section\" data-e-type=\"section\">\n\t\t\t\t\t\t<div class=\"elementor-container elementor-column-gap-default\">\n\t\t\t\t\t<div class=\"elementor-column elementor-col-100 elementor-top-column elementor-element elementor-element-d4e0866\" data-id=\"d4e0866\" data-element_type=\"column\" data-e-type=\"column\" data-settings=\"{&quot;background_background&quot;:&quot;classic&quot;}\">\n\t\t\t<div class=\"elementor-widget-wrap elementor-element-populated\">\n\t\t\t\t\t\t<div class=\"elementor-element elementor-element-a5efa66 elementor-widget elementor-widget-text-editor\" data-id=\"a5efa66\" data-element_type=\"widget\" data-e-type=\"widget\" data-settings=\"{&quot;_animation&quot;:&quot;none&quot;}\" data-widget_type=\"text-editor.default\">\n\t\t\t\t<div class=\"elementor-widget-container\">\n\t\t\t\t\t\t\t\t\t<p>Die Messwerte unserer B\u00e4ume finden sie <strong><a style=\"color: white;\" href=\"https:\/\/www.baysics.de\/baum4\/trees.html\" target=\"_blank\" rel=\"noopener\">here<\/a><\/strong>.<br \/>Bei Fragen und Anregungen melden Sie sich gerne unter <a style=\"color: white; font-weight: bold;\" href=\"mailto:info@baysics.de\">info(at)baysics.de<\/a> oder senden Sie uns eine Nachricht \u00fcber unser <a style=\"color: white; font-weight: bold;\" href=\"https:\/\/www.baysics.de\/en\/kontakt\/\" target=\"_blank\" rel=\"noopener\">Kontaktformular<\/a>.<\/p>\t\t\t\t\t\t\t\t<\/div>\n\t\t\t\t<\/div>\n\t\t\t\t\t<\/div>\n\t\t<\/div>\n\t\t\t\t\t<\/div>\n\t\t<\/section>\n\t\t\t\t<section class=\"elementor-section elementor-top-section elementor-element elementor-element-31bb7f8 elementor-section-content-middle elementor-reverse-tablet elementor-section-boxed elementor-section-height-default elementor-section-height-default\" data-id=\"31bb7f8\" data-element_type=\"section\" data-e-type=\"section\" data-settings=\"{&quot;background_background&quot;:&quot;classic&quot;}\">\n\t\t\t\t\t\t<div class=\"elementor-container elementor-column-gap-no\">\n\t\t\t\t\t<div class=\"elementor-column elementor-col-50 elementor-top-column elementor-element elementor-element-37d8700\" data-id=\"37d8700\" data-element_type=\"column\" data-e-type=\"column\" data-settings=\"{&quot;background_background&quot;:&quot;classic&quot;}\">\n\t\t\t<div class=\"elementor-widget-wrap elementor-element-populated\">\n\t\t\t\t\t\t<div class=\"elementor-element elementor-element-63f934d elementor-widget elementor-widget-heading\" data-id=\"63f934d\" data-element_type=\"widget\" data-e-type=\"widget\" data-widget_type=\"heading.default\">\n\t\t\t\t<div class=\"elementor-widget-container\">\n\t\t\t\t\t<h3 class=\"elementor-heading-title elementor-size-large\"><b>W<\/b>as ist der \"Baum 4.0\" ?<\/h3>\t\t\t\t<\/div>\n\t\t\t\t<\/div>\n\t\t\t\t<div class=\"elementor-element elementor-element-31a0203 elementor-widget elementor-widget-text-editor\" data-id=\"31a0203\" data-element_type=\"widget\" data-e-type=\"widget\" data-widget_type=\"text-editor.default\">\n\t\t\t\t<div class=\"elementor-widget-container\">\n\t\t\t\t\t\t\t\t\t<p>Der &#8222;Baum 4.0&#8220; ist ein mit Sensoren best\u00fcckter Baum. Die unterschiedlichen Messinstrumente zeichnen Wachstum und aktuelle physiologische Prozesse als Rekation auf Witterungsstress auf. Durch das unterschiedliche Klima sowie lokale meteorologische Effekte an den Standorten M\u00fcnchen, Augsburg, Eichst\u00e4tt und Berchtesgaden ergeben sich interessante Vergleiche auf unserer Plattform. Insgesamt wurden vier verschiedene Sensoren an jedem Baum installiert: der Dendrometer,der Saftflusssensor, der Bodenfeuchte und Bodentemperatursensor sowie ein Blatttemperatursensor. Au\u00dferdem wir t\u00e4glich ein Bild der Baumkrone aufgenommen. Die Energie zur Betreibung der Sensoren wird je nach Standort von einem Solarpanel oder einem Baustromleiter zur Verf\u00fcgung gestellt. Mittels Mobilfunk oder WLan werden die Daten einmal pro Tag ins Internet und somit auf unser Portal \u00fcbertragen.<\/p>\t\t\t\t\t\t\t\t<\/div>\n\t\t\t\t<\/div>\n\t\t\t\t<div class=\"elementor-element elementor-element-e8061b8 elementor-align-center elementor-widget elementor-widget-button\" data-id=\"e8061b8\" data-element_type=\"widget\" data-e-type=\"widget\" data-widget_type=\"button.default\">\n\t\t\t\t<div class=\"elementor-widget-container\">\n\t\t\t\t\t\t\t\t\t<div class=\"elementor-button-wrapper\">\n\t\t\t\t\t<a class=\"elementor-button elementor-button-link elementor-size-sm elementor-animation-grow\" href=\"https:\/\/www.baysics.de\/wp-content\/uploads\/2019\/09\/Schautafel_allgemein_20190902.pdf\" target=\"_blank\">\n\t\t\t\t\t\t<span class=\"elementor-button-content-wrapper\">\n\t\t\t\t\t\t\t\t\t<span class=\"elementor-button-text\">Hier geht es zur Schautafel<\/span>\n\t\t\t\t\t<\/span>\n\t\t\t\t\t<\/a>\n\t\t\t\t<\/div>\n\t\t\t\t\t\t\t\t<\/div>\n\t\t\t\t<\/div>\n\t\t\t\t\t<\/div>\n\t\t<\/div>\n\t\t\t\t<div class=\"elementor-column elementor-col-50 elementor-top-column elementor-element elementor-element-18c86da\" data-id=\"18c86da\" data-element_type=\"column\" data-e-type=\"column\">\n\t\t\t<div class=\"elementor-widget-wrap elementor-element-populated\">\n\t\t\t\t\t\t<div class=\"elementor-element elementor-element-9c1253d elementor-widget elementor-widget-image\" data-id=\"9c1253d\" data-element_type=\"widget\" data-e-type=\"widget\" data-widget_type=\"image.default\">\n\t\t\t\t<div class=\"elementor-widget-container\">\n\t\t\t\t\t\t\t\t\t\t\t\t\t\t\t<img decoding=\"async\" width=\"682\" height=\"1024\" src=\"https:\/\/www.baysics.de\/wp-content\/uploads\/2019\/09\/DSC_5742-682x1024.jpg\" class=\"attachment-large size-large wp-image-1287\" alt=\"Frau Prof. Annette Menzel am Baum 4.0 in Augsburg\" srcset=\"https:\/\/www.baysics.de\/wp-content\/uploads\/2019\/09\/DSC_5742-682x1024.jpg 682w, https:\/\/www.baysics.de\/wp-content\/uploads\/2019\/09\/DSC_5742-200x300.jpg 200w, https:\/\/www.baysics.de\/wp-content\/uploads\/2019\/09\/DSC_5742-768x1153.jpg 768w\" sizes=\"(max-width: 682px) 100vw, 682px\" \/>\t\t\t\t\t\t\t\t\t\t\t\t\t\t\t<\/div>\n\t\t\t\t<\/div>\n\t\t\t\t\t<\/div>\n\t\t<\/div>\n\t\t\t\t\t<\/div>\n\t\t<\/section>\n\t\t\t\t<section class=\"elementor-section elementor-top-section elementor-element elementor-element-67212ec4 elementor-section-content-middle elementor-reverse-mobile elementor-section-boxed elementor-section-height-default elementor-section-height-default\" data-id=\"67212ec4\" data-element_type=\"section\" data-e-type=\"section\" data-settings=\"{&quot;background_background&quot;:&quot;classic&quot;}\">\n\t\t\t\t\t\t<div class=\"elementor-container elementor-column-gap-no\">\n\t\t\t\t\t<div class=\"elementor-column elementor-col-50 elementor-top-column elementor-element elementor-element-d62a452\" data-id=\"d62a452\" data-element_type=\"column\" data-e-type=\"column\">\n\t\t\t<div class=\"elementor-widget-wrap elementor-element-populated\">\n\t\t\t\t\t\t<div class=\"elementor-element elementor-element-e91a38a elementor-widget elementor-widget-image\" data-id=\"e91a38a\" data-element_type=\"widget\" data-e-type=\"widget\" data-widget_type=\"image.default\">\n\t\t\t\t<div class=\"elementor-widget-container\">\n\t\t\t\t\t\t\t\t\t\t\t\t\t\t\t<img decoding=\"async\" width=\"4020\" height=\"6036\" src=\"https:\/\/www.baysics.de\/wp-content\/uploads\/2019\/09\/DSC_5751.jpg\" class=\"attachment-full size-full wp-image-1288\" alt=\"Solarpanel beim Baum 4.0 in Augsburg\" srcset=\"https:\/\/www.baysics.de\/wp-content\/uploads\/2019\/09\/DSC_5751.jpg 4020w, https:\/\/www.baysics.de\/wp-content\/uploads\/2019\/09\/DSC_5751-200x300.jpg 200w, https:\/\/www.baysics.de\/wp-content\/uploads\/2019\/09\/DSC_5751-768x1153.jpg 768w, https:\/\/www.baysics.de\/wp-content\/uploads\/2019\/09\/DSC_5751-682x1024.jpg 682w\" sizes=\"(max-width: 4020px) 100vw, 4020px\" \/>\t\t\t\t\t\t\t\t\t\t\t\t\t\t\t<\/div>\n\t\t\t\t<\/div>\n\t\t\t\t\t<\/div>\n\t\t<\/div>\n\t\t\t\t<div class=\"elementor-column elementor-col-50 elementor-top-column elementor-element elementor-element-1c5c7ef6\" data-id=\"1c5c7ef6\" data-element_type=\"column\" data-e-type=\"column\" data-settings=\"{&quot;background_background&quot;:&quot;classic&quot;}\">\n\t\t\t<div class=\"elementor-widget-wrap elementor-element-populated\">\n\t\t\t\t\t\t<div class=\"elementor-element elementor-element-20ede60d elementor-widget elementor-widget-heading\" data-id=\"20ede60d\" data-element_type=\"widget\" data-e-type=\"widget\" data-widget_type=\"heading.default\">\n\t\t\t\t<div class=\"elementor-widget-container\">\n\t\t\t\t\t<h3 class=\"elementor-heading-title elementor-size-large\">Unser \"Baum 4.0\" in der \u00d6ffentlichtkeit<\/h3>\t\t\t\t<\/div>\n\t\t\t\t<\/div>\n\t\t\t\t<div class=\"elementor-element elementor-element-ddfbf58 elementor-align-start elementor-icon-list--layout-traditional elementor-list-item-link-full_width elementor-widget elementor-widget-icon-list\" data-id=\"ddfbf58\" data-element_type=\"widget\" data-e-type=\"widget\" data-widget_type=\"icon-list.default\">\n\t\t\t\t<div class=\"elementor-widget-container\">\n\t\t\t\t\t\t\t<ul class=\"elementor-icon-list-items\">\n\t\t\t\t\t\t\t<li class=\"elementor-icon-list-item\">\n\t\t\t\t\t\t\t\t\t\t\t<a href=\"https:\/\/www.augsburg.de\/augsburg-atmet\/talking-tree\/\" target=\"_blank\">\n\n\t\t\t\t\t\t\t\t\t\t\t\t<span class=\"elementor-icon-list-icon\">\n\t\t\t\t\t\t\t<i aria-hidden=\"true\" class=\"fas fa-circle\"><\/i>\t\t\t\t\t\t<\/span>\n\t\t\t\t\t\t\t\t\t\t<span class=\"elementor-icon-list-text\">Stadt Augsburg<\/span>\n\t\t\t\t\t\t\t\t\t\t\t<\/a>\n\t\t\t\t\t\t\t\t\t<\/li>\n\t\t\t\t\t\t\t\t<li class=\"elementor-icon-list-item\">\n\t\t\t\t\t\t\t\t\t\t\t<a href=\"https:\/\/www.sueddeutsche.de\/bayern\/augsburg-baum-online-klimawandel-1.4556738\" target=\"_blank\">\n\n\t\t\t\t\t\t\t\t\t\t\t\t<span class=\"elementor-icon-list-icon\">\n\t\t\t\t\t\t\t<i aria-hidden=\"true\" class=\"fas fa-circle\"><\/i>\t\t\t\t\t\t<\/span>\n\t\t\t\t\t\t\t\t\t\t<span class=\"elementor-icon-list-text\">S\u00fcddeutsche Zeitung<\/span>\n\t\t\t\t\t\t\t\t\t\t\t<\/a>\n\t\t\t\t\t\t\t\t\t<\/li>\n\t\t\t\t\t\t\t\t<li class=\"elementor-icon-list-item\">\n\t\t\t\t\t\t\t\t\t\t\t<a href=\"https:\/\/www.stadtzeitung.de\/augsburg-city\/politik\/in-augsburg-steht-der-erste-sprechende-baum-in-bayern-ist-der-baum-40-mehr-als-nur-eine-worthuelse-d96182.html\" target=\"_blank\">\n\n\t\t\t\t\t\t\t\t\t\t\t\t<span class=\"elementor-icon-list-icon\">\n\t\t\t\t\t\t\t<i aria-hidden=\"true\" class=\"fas fa-circle\"><\/i>\t\t\t\t\t\t<\/span>\n\t\t\t\t\t\t\t\t\t\t<span class=\"elementor-icon-list-text\">Stadtzeitung Augsburg<\/span>\n\t\t\t\t\t\t\t\t\t\t\t<\/a>\n\t\t\t\t\t\t\t\t\t<\/li>\n\t\t\t\t\t\t\t\t<li class=\"elementor-icon-list-item\">\n\t\t\t\t\t\t\t\t\t\t\t<span class=\"elementor-icon-list-icon\">\n\t\t\t\t\t\t\t<i aria-hidden=\"true\" class=\"fas fa-circle\"><\/i>\t\t\t\t\t\t<\/span>\n\t\t\t\t\t\t\t\t\t\t<span class=\"elementor-icon-list-text\">Bayerischer Rundfunk (nicht mehr verf\u00fcgbar)<\/span>\n\t\t\t\t\t\t\t\t\t<\/li>\n\t\t\t\t\t\t<\/ul>\n\t\t\t\t\t\t<\/div>\n\t\t\t\t<\/div>\n\t\t\t\t\t<\/div>\n\t\t<\/div>\n\t\t\t\t\t<\/div>\n\t\t<\/section>\n\t\t\t\t<section class=\"elementor-section elementor-top-section elementor-element elementor-element-a0e7ce9 elementor-section-boxed elementor-section-height-default elementor-section-height-default\" data-id=\"a0e7ce9\" data-element_type=\"section\" data-e-type=\"section\">\n\t\t\t\t\t\t<div class=\"elementor-container elementor-column-gap-extended\">\n\t\t\t\t\t<div class=\"elementor-column elementor-col-100 elementor-top-column elementor-element elementor-element-83d0989\" data-id=\"83d0989\" data-element_type=\"column\" data-e-type=\"column\">\n\t\t\t<div class=\"elementor-widget-wrap elementor-element-populated\">\n\t\t\t\t\t\t<div class=\"elementor-element elementor-element-000e3c4 elementor-widget elementor-widget-heading\" data-id=\"000e3c4\" data-element_type=\"widget\" data-e-type=\"widget\" data-widget_type=\"heading.default\">\n\t\t\t\t<div class=\"elementor-widget-container\">\n\t\t\t\t\t<h2 class=\"elementor-heading-title elementor-size-default\">Pressetermin am 07.08.2019 in Augsburg am Eiskanal<\/h2>\t\t\t\t<\/div>\n\t\t\t\t<\/div>\n\t\t\t\t<div class=\"elementor-element elementor-element-b32924f elementor-widget elementor-widget-spacer\" data-id=\"b32924f\" data-element_type=\"widget\" data-e-type=\"widget\" data-widget_type=\"spacer.default\">\n\t\t\t\t<div class=\"elementor-widget-container\">\n\t\t\t\t\t\t\t<div class=\"elementor-spacer\">\n\t\t\t<div class=\"elementor-spacer-inner\"><\/div>\n\t\t<\/div>\n\t\t\t\t\t\t<\/div>\n\t\t\t\t<\/div>\n\t\t\t\t<div class=\"elementor-element elementor-element-89d3584 elementor-arrows-position-inside elementor-pagination-position-outside elementor-widget elementor-widget-image-carousel\" data-id=\"89d3584\" data-element_type=\"widget\" data-e-type=\"widget\" data-settings=\"{&quot;slides_to_show&quot;:&quot;1&quot;,&quot;navigation&quot;:&quot;both&quot;,&quot;autoplay&quot;:&quot;yes&quot;,&quot;pause_on_hover&quot;:&quot;yes&quot;,&quot;pause_on_interaction&quot;:&quot;yes&quot;,&quot;autoplay_speed&quot;:5000,&quot;infinite&quot;:&quot;yes&quot;,&quot;effect&quot;:&quot;slide&quot;,&quot;speed&quot;:500}\" data-widget_type=\"image-carousel.default\">\n\t\t\t\t<div class=\"elementor-widget-container\">\n\t\t\t\t\t\t\t<div class=\"elementor-image-carousel-wrapper swiper\" role=\"region\" aria-roledescription=\"carousel\" aria-label=\"Image Carousel\" dir=\"ltr\">\n\t\t\t<div class=\"elementor-image-carousel swiper-wrapper\" aria-live=\"off\">\n\t\t\t\t\t\t\t\t<div class=\"swiper-slide\" role=\"group\" aria-roledescription=\"slide\" aria-label=\"1 of 4\" data-no-translation-aria-label=\"\"><figure class=\"swiper-slide-inner\"><img decoding=\"async\" class=\"swiper-slide-image\" src=\"https:\/\/www.baysics.de\/wp-content\/uploads\/2019\/09\/DSC_5709.jpg\" alt=\"Dr. Marvin L\u00fcpke bei der Er\u00f6ffnung des Baum 4.0 in Augsburg\" \/><\/figure><\/div><div class=\"swiper-slide\" role=\"group\" aria-roledescription=\"slide\" aria-label=\"2 of 4\" data-no-translation-aria-label=\"\"><figure class=\"swiper-slide-inner\"><img decoding=\"async\" class=\"swiper-slide-image\" src=\"https:\/\/www.baysics.de\/wp-content\/uploads\/2019\/09\/DSC_5711.jpg\" alt=\"Er\u00f6ffnung des Baum 4.0 in Augsburg\" \/><\/figure><\/div><div class=\"swiper-slide\" role=\"group\" aria-roledescription=\"slide\" aria-label=\"3 of 4\" data-no-translation-aria-label=\"\"><figure class=\"swiper-slide-inner\"><img decoding=\"async\" class=\"swiper-slide-image\" src=\"https:\/\/www.baysics.de\/wp-content\/uploads\/2019\/09\/DSC_5727.jpg\" alt=\"Prof. Annette Menzel und zweite B\u00fcrgermeisterin Frau Eva Webber beim Baum 4.0\" \/><\/figure><\/div><div class=\"swiper-slide\" role=\"group\" aria-roledescription=\"slide\" aria-label=\"4 of 4\" data-no-translation-aria-label=\"\"><figure class=\"swiper-slide-inner\"><img decoding=\"async\" class=\"swiper-slide-image\" src=\"https:\/\/www.baysics.de\/wp-content\/uploads\/2019\/09\/DSC_5747.jpg\" alt=\"Presseveranstaltung Baum 4.0 in Augsburg\" \/><\/figure><\/div>\t\t\t<\/div>\n\t\t\t\t\t\t\t\t\t\t\t\t<div class=\"elementor-swiper-button elementor-swiper-button-prev\" role=\"button\" tabindex=\"0\">\n\t\t\t\t\t\t<i aria-hidden=\"true\" class=\"eicon-chevron-left\"><\/i>\t\t\t\t\t<\/div>\n\t\t\t\t\t<div class=\"elementor-swiper-button elementor-swiper-button-next\" role=\"button\" tabindex=\"0\">\n\t\t\t\t\t\t<i aria-hidden=\"true\" class=\"eicon-chevron-right\"><\/i>\t\t\t\t\t<\/div>\n\t\t\t\t\n\t\t\t\t\t\t\t\t\t<div class=\"swiper-pagination\"><\/div>\n\t\t\t\t\t\t\t\t\t<\/div>\n\t\t\t\t\t\t<\/div>\n\t\t\t\t<\/div>\n\t\t\t\t\t<\/div>\n\t\t<\/div>\n\t\t\t\t\t<\/div>\n\t\t<\/section>\n\t\t\t\t<section class=\"elementor-section elementor-top-section elementor-element elementor-element-f4a37b5 elementor-section-boxed elementor-section-height-default elementor-section-height-default\" data-id=\"f4a37b5\" data-element_type=\"section\" data-e-type=\"section\">\n\t\t\t\t\t\t<div class=\"elementor-container elementor-column-gap-default\">\n\t\t\t\t\t<div class=\"elementor-column elementor-col-100 elementor-top-column elementor-element elementor-element-79f140b\" data-id=\"79f140b\" data-element_type=\"column\" data-e-type=\"column\">\n\t\t\t<div class=\"elementor-widget-wrap elementor-element-populated\">\n\t\t\t\t\t\t<div class=\"elementor-element elementor-element-73f6490 elementor-widget elementor-widget-spacer\" data-id=\"73f6490\" data-element_type=\"widget\" data-e-type=\"widget\" data-widget_type=\"spacer.default\">\n\t\t\t\t<div class=\"elementor-widget-container\">\n\t\t\t\t\t\t\t<div class=\"elementor-spacer\">\n\t\t\t<div class=\"elementor-spacer-inner\"><\/div>\n\t\t<\/div>\n\t\t\t\t\t\t<\/div>\n\t\t\t\t<\/div>\n\t\t\t\t<div class=\"elementor-element elementor-element-d44b5b6 elementor-widget elementor-widget-button\" data-id=\"d44b5b6\" data-element_type=\"widget\" data-e-type=\"widget\" data-widget_type=\"button.default\">\n\t\t\t\t<div class=\"elementor-widget-container\">\n\t\t\t\t\t\t\t\t\t<div class=\"elementor-button-wrapper\">\n\t\t\t\t\t<a class=\"elementor-button elementor-button-link elementor-size-xs elementor-animation-grow\" href=\"https:\/\/www.baysics.de\/en\/neuigkeiten\/\">\n\t\t\t\t\t\t<span class=\"elementor-button-content-wrapper\">\n\t\t\t\t\t\t<span class=\"elementor-button-icon\">\n\t\t\t\t<i aria-hidden=\"true\" class=\"fas fa-arrow-left\"><\/i>\t\t\t<\/span>\n\t\t\t\t\t\t\t\t\t<span class=\"elementor-button-text\">back<\/span>\n\t\t\t\t\t<\/span>\n\t\t\t\t\t<\/a>\n\t\t\t\t<\/div>\n\t\t\t\t\t\t\t\t<\/div>\n\t\t\t\t<\/div>\n\t\t\t\t\t<\/div>\n\t\t<\/div>\n\t\t\t\t\t<\/div>\n\t\t<\/section>\n\t\t\t\t<section class=\"elementor-section elementor-top-section elementor-element elementor-element-9e52d13 elementor-section-full_width elementor-section-height-default elementor-section-height-default\" data-id=\"9e52d13\" data-element_type=\"section\" data-e-type=\"section\">\n\t\t\t\t\t\t<div class=\"elementor-container elementor-column-gap-default\">\n\t\t\t\t\t<div class=\"elementor-column elementor-col-100 elementor-top-column elementor-element elementor-element-84d9605\" data-id=\"84d9605\" data-element_type=\"column\" data-e-type=\"column\">\n\t\t\t<div class=\"elementor-widget-wrap elementor-element-populated\">\n\t\t\t\t\t\t<div class=\"elementor-element elementor-element-dabbc48 elementor-widget-divider--view-line elementor-widget elementor-widget-divider\" data-id=\"dabbc48\" data-element_type=\"widget\" data-e-type=\"widget\" data-widget_type=\"divider.default\">\n\t\t\t\t<div class=\"elementor-widget-container\">\n\t\t\t\t\t\t\t<div class=\"elementor-divider\">\n\t\t\t<span class=\"elementor-divider-separator\">\n\t\t\t\t\t\t<\/span>\n\t\t<\/div>\n\t\t\t\t\t\t<\/div>\n\t\t\t\t<\/div>\n\t\t\t\t\t<\/div>\n\t\t<\/div>\n\t\t\t\t\t<\/div>\n\t\t<\/section>\n\t\t\t\t<section class=\"elementor-section elementor-top-section elementor-element elementor-element-0a54399 elementor-section-boxed elementor-section-height-default elementor-section-height-default\" data-id=\"0a54399\" data-element_type=\"section\" data-e-type=\"section\">\n\t\t\t\t\t\t<div class=\"elementor-container elementor-column-gap-default\">\n\t\t\t\t\t<div class=\"elementor-column elementor-col-100 elementor-top-column elementor-element elementor-element-c2be2de\" data-id=\"c2be2de\" data-element_type=\"column\" data-e-type=\"column\">\n\t\t\t<div class=\"elementor-widget-wrap elementor-element-populated\">\n\t\t\t\t\t\t<div class=\"elementor-element elementor-element-a1746c7 elementor-grid-tablet-eael-col-3 elementor-grid-mobile-eael-col-2 elementor-grid-eael-col-4 elementor-widget elementor-widget-eael-post-grid\" data-id=\"a1746c7\" data-element_type=\"widget\" data-e-type=\"widget\" data-settings=\"{&quot;eael_post_grid_columns_tablet&quot;:&quot;eael-col-3&quot;,&quot;eael_post_grid_columns_mobile&quot;:&quot;eael-col-2&quot;,&quot;eael_post_grid_columns&quot;:&quot;eael-col-4&quot;}\" data-widget_type=\"eael-post-grid.default\">\n\t\t\t\t<div class=\"elementor-widget-container\">\n\t\t\t\t\t<div id=\"eael-post-grid-a1746c7\" class=\"eael-post-grid-container\">\n            <div class=\"eael-post-grid eael-post-appender eael-post-appender-a1746c7 eael-post-grid-style-three\" data-layout-mode=\"masonry\"><article class=\"eael-grid-post  eael-post-grid-column eael-pg-post-4649 category-koordination-und-kommunikation tags-forschung-klimaforschung-klimawandel-tum-tum-open-campus\" data-id=\"4649\">\n        <div class=\"eael-grid-post-holder\">\n            <div class=\"eael-grid-post-holder-inner\"><div class=\"eael-entry-media\"><div class=\"eael-entry-overlay fade-in\"><i class=\"fas fa-long-arrow-alt-right\" aria-hidden=\"true\"><\/i><a href=\"https:\/\/www.baysics.de\/en\/baysics-beim-tum-open-campus\/\"><\/a><\/div><div class=\"eael-entry-thumbnail\">\n                 <img loading=\"lazy\" decoding=\"async\" width=\"225\" height=\"300\" src=\"https:\/\/www.baysics.de\/wp-content\/uploads\/2023\/03\/photo1679906394-225x300.jpeg\" class=\"attachment-medium size-medium wp-image-4652\" alt=\"BAYSICS beim TUM Open Campus in Weihenstephan\" srcset=\"https:\/\/www.baysics.de\/wp-content\/uploads\/2023\/03\/photo1679906394-225x300.jpeg 225w, https:\/\/www.baysics.de\/wp-content\/uploads\/2023\/03\/photo1679906394-768x1024.jpeg 768w, https:\/\/www.baysics.de\/wp-content\/uploads\/2023\/03\/photo1679906394-9x12.jpeg 9w, https:\/\/www.baysics.de\/wp-content\/uploads\/2023\/03\/photo1679906394.jpeg 960w\" sizes=\"(max-width: 225px) 100vw, 225px\" \/>\n             <\/div>\n        <\/div><div class=\"eael-entry-wrapper\"><header class=\"eael-entry-header\"><h2 class=\"eael-entry-title\"><a class=\"eael-grid-post-link\" href=\"https:\/\/www.baysics.de\/en\/baysics-beim-tum-open-campus\/\" title=\"BAYSICS beim TUM Open Campus\">BAYSICS beim TUM Open Campus<\/a><\/h2><\/header><div class=\"eael-entry-meta\"><span class=\"eael-posted-on\"><time datetime=\"27.03.2023\">27.03.2023<\/time><\/span><\/div><div class=\"eael-entry-content\">\n                        <div class=\"eael-grid-post-excerpt\"><p>Am 24.03.2023 fand der TUM Open Campus in Weihenstephan statt, dort haben wir BAYSICS und den neuen Klimarucksack vorgestellt.<\/p><a href=\"https:\/\/www.baysics.de\/en\/baysics-beim-tum-open-campus\/\" class=\"eael-post-elements-readmore-btn\">read more<\/a><\/div>\n                    <\/div><\/div><\/div>\n        <\/div>\n    <\/article><article class=\"eael-grid-post  eael-post-grid-column eael-pg-post-4607 category-koordination-und-kommunikation-phaenologie-als-bioindikator tags-bayerischer-rundfunk-br-forschung-klimaforschung-klimawandel-lebensraum-radiowissen\" data-id=\"4607\">\n        <div class=\"eael-grid-post-holder\">\n            <div class=\"eael-grid-post-holder-inner\"><div class=\"eael-entry-media\"><div class=\"eael-entry-overlay fade-in\"><i class=\"fas fa-long-arrow-alt-right\" aria-hidden=\"true\"><\/i><a href=\"https:\/\/www.baysics.de\/en\/anpassung-des-lebensraums-aufgrund-des-klimawandels\/\"><\/a><\/div><div class=\"eael-entry-thumbnail\">\n                 <img loading=\"lazy\" decoding=\"async\" width=\"300\" height=\"200\" src=\"https:\/\/www.baysics.de\/wp-content\/uploads\/2023\/03\/Bufo_periglenes1_50-300x200.jpg\" class=\"attachment-medium size-medium wp-image-4609\" alt=\"goldfrosch\" srcset=\"https:\/\/www.baysics.de\/wp-content\/uploads\/2023\/03\/Bufo_periglenes1_50-300x200.jpg 300w, https:\/\/www.baysics.de\/wp-content\/uploads\/2023\/03\/Bufo_periglenes1_50-768x513.jpg 768w, https:\/\/www.baysics.de\/wp-content\/uploads\/2023\/03\/Bufo_periglenes1_50-18x12.jpg 18w, https:\/\/www.baysics.de\/wp-content\/uploads\/2023\/03\/Bufo_periglenes1_50.jpg 960w\" sizes=\"(max-width: 300px) 100vw, 300px\" \/>\n             <\/div>\n        <\/div><div class=\"eael-entry-wrapper\"><header class=\"eael-entry-header\"><h2 class=\"eael-entry-title\"><a class=\"eael-grid-post-link\" href=\"https:\/\/www.baysics.de\/en\/anpassung-des-lebensraums-aufgrund-des-klimawandels\/\" title=\"Anpassung des Lebensraums aufgrund des Klimawandels\">Anpassung des Lebensraums aufgrund des Klimawandels<\/a><\/h2><\/header><div class=\"eael-entry-meta\"><span class=\"eael-posted-on\"><time datetime=\"07.03.2023\">07.03.2023<\/time><\/span><\/div><div class=\"eael-entry-content\">\n                        <div class=\"eael-grid-post-excerpt\"><p>Beitrag von Prof. Annette Menzel im Bayerischer Rundfunk Radiowissen zum Thema Klimawandel und Lebensraum am 03.03.2023.<\/p><a href=\"https:\/\/www.baysics.de\/en\/anpassung-des-lebensraums-aufgrund-des-klimawandels\/\" class=\"eael-post-elements-readmore-btn\">read more<\/a><\/div>\n                    <\/div><\/div><\/div>\n        <\/div>\n    <\/article><article class=\"eael-grid-post  eael-post-grid-column eael-pg-post-4638 category-koordination-und-kommunikation-phaenologie-als-bioindikator-pollenbelastung tags-allergene-bayerischer-rundfunk-br-forschung-klimaforschung-klimawandel-pollen-pollensaison\" data-id=\"4638\">\n        <div class=\"eael-grid-post-holder\">\n            <div class=\"eael-grid-post-holder-inner\"><div class=\"eael-entry-media\"><div class=\"eael-entry-overlay fade-in\"><i class=\"fas fa-long-arrow-alt-right\" aria-hidden=\"true\"><\/i><a href=\"https:\/\/www.baysics.de\/en\/br-fernsehen-beginn-der-pollensaison-immer-frueher\/\"><\/a><\/div><div class=\"eael-entry-thumbnail\">\n                 <img loading=\"lazy\" decoding=\"async\" width=\"300\" height=\"200\" src=\"https:\/\/www.baysics.de\/wp-content\/uploads\/2023\/03\/IMG_3382-300x200.jpg\" class=\"attachment-medium size-medium wp-image-4639\" alt=\"Foto eines Haselk\u00e4tzchens\" srcset=\"https:\/\/www.baysics.de\/wp-content\/uploads\/2023\/03\/IMG_3382-300x200.jpg 300w, https:\/\/www.baysics.de\/wp-content\/uploads\/2023\/03\/IMG_3382-1024x683.jpg 1024w, https:\/\/www.baysics.de\/wp-content\/uploads\/2023\/03\/IMG_3382-768x512.jpg 768w, https:\/\/www.baysics.de\/wp-content\/uploads\/2023\/03\/IMG_3382-1536x1024.jpg 1536w, https:\/\/www.baysics.de\/wp-content\/uploads\/2023\/03\/IMG_3382-2048x1365.jpg 2048w, https:\/\/www.baysics.de\/wp-content\/uploads\/2023\/03\/IMG_3382-18x12.jpg 18w\" sizes=\"(max-width: 300px) 100vw, 300px\" \/>\n             <\/div>\n        <\/div><div class=\"eael-entry-wrapper\"><header class=\"eael-entry-header\"><h2 class=\"eael-entry-title\"><a class=\"eael-grid-post-link\" href=\"https:\/\/www.baysics.de\/en\/br-fernsehen-beginn-der-pollensaison-immer-frueher\/\" title=\"BR Fernsehen: Beginn der Pollensaison immer fr\u00fcher\">BR Fernsehen: Beginn der Pollensaison immer fr\u00fcher<\/a><\/h2><\/header><div class=\"eael-entry-meta\"><span class=\"eael-posted-on\"><time datetime=\"27.02.2023\">27.02.2023<\/time><\/span><\/div><div class=\"eael-entry-content\">\n                        <div class=\"eael-grid-post-excerpt\"><p>Die Pollensaison beginnt immer fr\u00fcher. Frau Prof. Annette Menzel im Fernsehbeitrag des Bayerischen Rundfunks am 27.02.2023.<\/p><a href=\"https:\/\/www.baysics.de\/en\/br-fernsehen-beginn-der-pollensaison-immer-frueher\/\" class=\"eael-post-elements-readmore-btn\">read more<\/a><\/div>\n                    <\/div><\/div><\/div>\n        <\/div>\n    <\/article><article class=\"eael-grid-post  eael-post-grid-column eael-pg-post-4620 category-koordination-und-kommunikation-phaenologie-als-bioindikator-pollenbelastung tags-allergie-allergien-bayerischer-rundfunk-br-forschung-klimaforschung-klimawandel-pollen-radiowelt\" data-id=\"4620\">\n        <div class=\"eael-grid-post-holder\">\n            <div class=\"eael-grid-post-holder-inner\"><div class=\"eael-entry-media\"><div class=\"eael-entry-overlay fade-in\"><i class=\"fas fa-long-arrow-alt-right\" aria-hidden=\"true\"><\/i><a href=\"https:\/\/www.baysics.de\/en\/radiobeitrag-pollen-im-anflug\/\"><\/a><\/div><div class=\"eael-entry-thumbnail\">\n                 <img loading=\"lazy\" decoding=\"async\" width=\"300\" height=\"200\" src=\"https:\/\/www.baysics.de\/wp-content\/uploads\/2023\/03\/Hasel-300x200.jpg\" class=\"attachment-medium size-medium wp-image-4621\" alt=\"Hasel K\u00e4tzchen\" srcset=\"https:\/\/www.baysics.de\/wp-content\/uploads\/2023\/03\/Hasel-300x200.jpg 300w, https:\/\/www.baysics.de\/wp-content\/uploads\/2023\/03\/Hasel-1024x683.jpg 1024w, https:\/\/www.baysics.de\/wp-content\/uploads\/2023\/03\/Hasel-768x512.jpg 768w, https:\/\/www.baysics.de\/wp-content\/uploads\/2023\/03\/Hasel-1536x1024.jpg 1536w, https:\/\/www.baysics.de\/wp-content\/uploads\/2023\/03\/Hasel-2048x1365.jpg 2048w, https:\/\/www.baysics.de\/wp-content\/uploads\/2023\/03\/Hasel-18x12.jpg 18w\" sizes=\"(max-width: 300px) 100vw, 300px\" \/>\n             <\/div>\n        <\/div><div class=\"eael-entry-wrapper\"><header class=\"eael-entry-header\"><h2 class=\"eael-entry-title\"><a class=\"eael-grid-post-link\" href=\"https:\/\/www.baysics.de\/en\/radiobeitrag-pollen-im-anflug\/\" title=\"Radiobeitrag: Pollen im Anflug\">Radiobeitrag: Pollen im Anflug<\/a><\/h2><\/header><div class=\"eael-entry-meta\"><span class=\"eael-posted-on\"><time datetime=\"09.02.2023\">09.02.2023<\/time><\/span><\/div><div class=\"eael-entry-content\">\n                        <div class=\"eael-grid-post-excerpt\"><p>Frau Prof. Annette Menzel bei der radioWelt des Bayerischen Rundfunks mit dem Titel \"Warum immer mehr Menschen unter einer Allergie leiden\"<\/p><a href=\"https:\/\/www.baysics.de\/en\/radiobeitrag-pollen-im-anflug\/\" class=\"eael-post-elements-readmore-btn\">read more<\/a><\/div>\n                    <\/div><\/div><\/div>\n        <\/div>\n    <\/article><\/div>\n            <div class=\"clearfix\"><\/div>\n        <\/div>            <div class=\"eael-load-more-button-wrap eael-force-hide\">\n                <button class=\"eael-load-more-button\" id=\"eael-load-more-btn-a1746c7\" data-widget-id=\"a1746c7\" data-widget=\"a1746c7\" data-page-id=\"1284\" data-template=\"{&quot;dir&quot;:&quot;lite&quot;,&quot;file_name&quot;:&quot;three.php&quot;,&quot;name&quot;:&quot;Post-Grid&quot;}\" data-class=\"Essential_Addons_Elementor\\Elements\\Post_Grid\" data-layout=\"masonry\" data-page=\"1\" data-args=\"orderby=date&amp;order=desc&amp;ignore_sticky_posts=1&amp;post_status=publish&amp;posts_per_page=4&amp;offset=0&amp;post_type=post\" data-max-page=\"8\">\n                    <span class=\"eael-btn-loader button__loader\"><\/span>\n                    <span class=\"eael_load_more_text\">load more<\/span>\n                <\/button>\n            <\/div>\n            \t\t\t\t<\/div>\n\t\t\t\t<\/div>\n\t\t\t\t\t<\/div>\n\t\t<\/div>\n\t\t\t\t\t<\/div>\n\t\t<\/section>\n\t\t\t\t<section class=\"elementor-section elementor-top-section elementor-element elementor-element-693ba3ae elementor-section-boxed elementor-section-height-default elementor-section-height-default\" data-id=\"693ba3ae\" data-element_type=\"section\" data-e-type=\"section\" data-settings=\"{&quot;background_background&quot;:&quot;classic&quot;}\">\n\t\t\t\t\t\t<div class=\"elementor-container elementor-column-gap-default\">\n\t\t\t\t\t<div class=\"elementor-column elementor-col-100 elementor-top-column elementor-element elementor-element-2d91b744\" data-id=\"2d91b744\" data-element_type=\"column\" data-e-type=\"column\">\n\t\t\t<div class=\"elementor-widget-wrap elementor-element-populated\">\n\t\t\t\t\t\t<section class=\"elementor-section elementor-inner-section elementor-element elementor-element-615e28f2 elementor-section-boxed elementor-section-height-default elementor-section-height-default\" data-id=\"615e28f2\" data-element_type=\"section\" data-e-type=\"section\">\n\t\t\t\t\t\t<div class=\"elementor-container elementor-column-gap-default\">\n\t\t\t\t\t<div class=\"elementor-column elementor-col-33 elementor-inner-column elementor-element elementor-element-1a16d945\" data-id=\"1a16d945\" data-element_type=\"column\" data-e-type=\"column\">\n\t\t\t<div class=\"elementor-widget-wrap elementor-element-populated\">\n\t\t\t\t\t\t<div class=\"elementor-element elementor-element-3db2a6cb elementor-button-danger elementor-align-center elementor-widget elementor-widget-button\" data-id=\"3db2a6cb\" data-element_type=\"widget\" data-e-type=\"widget\" data-widget_type=\"button.default\">\n\t\t\t\t<div class=\"elementor-widget-container\">\n\t\t\t\t\t\t\t\t\t<div class=\"elementor-button-wrapper\">\n\t\t\t\t\t<a class=\"elementor-button elementor-button-link elementor-size-xs\" href=\"https:\/\/www.baysics.de\/en\/impressum\/\">\n\t\t\t\t\t\t<span class=\"elementor-button-content-wrapper\">\n\t\t\t\t\t\t\t\t\t<span class=\"elementor-button-text\">Imprint<\/span>\n\t\t\t\t\t<\/span>\n\t\t\t\t\t<\/a>\n\t\t\t\t<\/div>\n\t\t\t\t\t\t\t\t<\/div>\n\t\t\t\t<\/div>\n\t\t\t\t\t<\/div>\n\t\t<\/div>\n\t\t\t\t<div class=\"elementor-column elementor-col-33 elementor-inner-column elementor-element elementor-element-3ffe4a0f\" data-id=\"3ffe4a0f\" data-element_type=\"column\" data-e-type=\"column\">\n\t\t\t<div class=\"elementor-widget-wrap elementor-element-populated\">\n\t\t\t\t\t\t<div class=\"elementor-element elementor-element-37b72417 elementor-shape-rounded elementor-grid-0 e-grid-align-center elementor-widget elementor-widget-social-icons\" data-id=\"37b72417\" data-element_type=\"widget\" data-e-type=\"widget\" data-widget_type=\"social-icons.default\">\n\t\t\t\t<div class=\"elementor-widget-container\">\n\t\t\t\t\t\t\t<div class=\"elementor-social-icons-wrapper elementor-grid\" role=\"list\">\n\t\t\t\t\t\t\t<span class=\"elementor-grid-item\" role=\"listitem\">\n\t\t\t\t\t<a class=\"elementor-icon elementor-social-icon elementor-social-icon-twitter elementor-repeater-item-8fe1dc5\" href=\"https:\/\/twitter.com\/baysics_portal\" target=\"_blank\">\n\t\t\t\t\t\t<span class=\"elementor-screen-only\">Twitter<\/span>\n\t\t\t\t\t\t\t\t\t\t\t\t\t<i class=\"fa fa-twitter\" aria-hidden=\"true\"><\/i>\n\t\t\t\t\t\t\t\t\t\t\t<\/a>\n\t\t\t\t<\/span>\n\t\t\t\t\t\t\t<span class=\"elementor-grid-item\" role=\"listitem\">\n\t\t\t\t\t<a class=\"elementor-icon elementor-social-icon elementor-social-icon-instagram elementor-repeater-item-8ac2a9f\" href=\"https:\/\/www.instagram.com\/baysics_portal\/\" target=\"_blank\">\n\t\t\t\t\t\t<span class=\"elementor-screen-only\">Instagram<\/span>\n\t\t\t\t\t\t\t\t\t\t\t\t\t<i class=\"fa fa-instagram\" aria-hidden=\"true\"><\/i>\n\t\t\t\t\t\t\t\t\t\t\t<\/a>\n\t\t\t\t<\/span>\n\t\t\t\t\t<\/div>\n\t\t\t\t\t\t<\/div>\n\t\t\t\t<\/div>\n\t\t\t\t\t<\/div>\n\t\t<\/div>\n\t\t\t\t<div class=\"elementor-column elementor-col-33 elementor-inner-column elementor-element elementor-element-775d9240\" data-id=\"775d9240\" data-element_type=\"column\" data-e-type=\"column\">\n\t\t\t<div class=\"elementor-widget-wrap elementor-element-populated\">\n\t\t\t\t\t\t<div class=\"elementor-element elementor-element-296c071a elementor-button-danger elementor-align-center elementor-widget elementor-widget-button\" data-id=\"296c071a\" data-element_type=\"widget\" data-e-type=\"widget\" data-widget_type=\"button.default\">\n\t\t\t\t<div class=\"elementor-widget-container\">\n\t\t\t\t\t\t\t\t\t<div class=\"elementor-button-wrapper\">\n\t\t\t\t\t<a class=\"elementor-button elementor-button-link elementor-size-xs\" href=\"https:\/\/www.baysics.de\/en\/datenschutzerklaerung\/\">\n\t\t\t\t\t\t<span class=\"elementor-button-content-wrapper\">\n\t\t\t\t\t\t\t\t\t<span class=\"elementor-button-text\">Privacy policy<\/span>\n\t\t\t\t\t<\/span>\n\t\t\t\t\t<\/a>\n\t\t\t\t<\/div>\n\t\t\t\t\t\t\t\t<\/div>\n\t\t\t\t<\/div>\n\t\t\t\t\t<\/div>\n\t\t<\/div>\n\t\t\t\t\t<\/div>\n\t\t<\/section>\n\t\t\t\t<div class=\"elementor-element elementor-element-d4723e5 elementor-widget elementor-widget-spacer\" data-id=\"d4723e5\" data-element_type=\"widget\" data-e-type=\"widget\" data-widget_type=\"spacer.default\">\n\t\t\t\t<div class=\"elementor-widget-container\">\n\t\t\t\t\t\t\t<div class=\"elementor-spacer\">\n\t\t\t<div class=\"elementor-spacer-inner\"><\/div>\n\t\t<\/div>\n\t\t\t\t\t\t<\/div>\n\t\t\t\t<\/div>\n\t\t\t\t\t<\/div>\n\t\t<\/div>\n\t\t\t\t\t<\/div>\n\t\t<\/section>\n\t\t\t\t<\/div>","protected":false},"excerpt":{"rendered":"<p>Der erste Baum 4.0 ist jetzt online. Aber was ist er nun der &#8222;Baum 4.0&#8220;, wo steht er und wieso brauchen wir ihn? <\/p>","protected":false},"author":2,"featured_media":1286,"comment_status":"closed","ping_status":"closed","sticky":false,"template":"elementor_header_footer","format":"standard","meta":{"footnotes":""},"categories":[18,13],"tags":[41,28,29],"class_list":["post-1284","post","type-post","status-publish","format-standard","has-post-thumbnail","hentry","category-koordination-und-kommunikation","category-phaenologie-als-bioindikator","tag-augsburg","tag-baum-4-0","tag-klimaforschung","entry","has-media"],"yoast_head":"<!-- This site is optimized with the Yoast SEO plugin v27.5 - https:\/\/yoast.com\/product\/yoast-seo-wordpress\/ -->\n<title>Der &quot;Baum 4.0&quot; ist Online<\/title>\n<meta name=\"description\" content=\"Der erste Baum 4.0 ist jetzt online. Aber was ist er nun der &quot;Baum 4.0&quot;, wo steht er und wieso brauchen wir ihn?\" \/>\n<meta name=\"robots\" content=\"index, follow, max-snippet:-1, max-image-preview:large, max-video-preview:-1\" \/>\n<link rel=\"canonical\" href=\"https:\/\/www.baysics.de\/en\/derbaum4\/\" \/>\n<meta property=\"og:locale\" content=\"en_GB\" \/>\n<meta property=\"og:type\" content=\"article\" \/>\n<meta property=\"og:title\" content=\"Der &quot;Baum 4.0&quot; ist Online\" \/>\n<meta property=\"og:description\" content=\"Der erste Baum 4.0 ist jetzt online. Aber was ist er nun der &quot;Baum 4.0&quot;, wo steht er und wieso brauchen wir ihn?\" \/>\n<meta property=\"og:url\" content=\"https:\/\/www.baysics.de\/en\/derbaum4\/\" \/>\n<meta property=\"og:site_name\" content=\"BAYSICS\" \/>\n<meta property=\"article:published_time\" content=\"2019-09-02T13:55:24+00:00\" \/>\n<meta property=\"article:modified_time\" content=\"2023-02-06T10:02:57+00:00\" \/>\n<meta property=\"og:image\" content=\"https:\/\/www.baysics.de\/wp-content\/uploads\/2019\/09\/DSC_5715-682x1024.jpg\" \/>\n\t<meta property=\"og:image:width\" content=\"682\" \/>\n\t<meta property=\"og:image:height\" content=\"1024\" \/>\n\t<meta property=\"og:image:type\" content=\"image\/jpeg\" \/>\n<meta name=\"author\" content=\"Alissa L\u00fcpke\" \/>\n<meta name=\"twitter:card\" content=\"summary_large_image\" \/>\n<meta name=\"twitter:description\" content=\"Der erste Baum 4.0 ist jetzt online. Aber was ist er nun der &quot;Baum 4.0&quot;, wo steht er und wieso brauchen wir ihn?\" \/>\n<meta name=\"twitter:image\" content=\"https:\/\/www.baysics.de\/wp-content\/uploads\/2019\/09\/DSC_5709.jpg\" \/>\n<meta name=\"twitter:creator\" content=\"@baysics_portal\" \/>\n<meta name=\"twitter:site\" content=\"@baysics_portal\" \/>\n<meta name=\"twitter:label1\" content=\"Written by\" \/>\n\t<meta name=\"twitter:data1\" content=\"Alissa L\u00fcpke\" \/>\n\t<meta name=\"twitter:label2\" content=\"Estimated reading time\" \/>\n\t<meta name=\"twitter:data2\" content=\"5 minutes\" \/>\n<script type=\"application\/ld+json\" class=\"yoast-schema-graph\">{\"@context\":\"https:\\\/\\\/schema.org\",\"@graph\":[{\"@type\":\"Article\",\"@id\":\"https:\\\/\\\/www.baysics.de\\\/derbaum4\\\/#article\",\"isPartOf\":{\"@id\":\"https:\\\/\\\/www.baysics.de\\\/derbaum4\\\/\"},\"author\":{\"name\":\"Alissa L\u00fcpke\",\"@id\":\"https:\\\/\\\/www.baysics.de\\\/#\\\/schema\\\/person\\\/00d88e34ecccd578a8fb9db0d4d5dc2d\"},\"headline\":\"Der &#8222;Baum 4.0&#8220; ist Online\",\"datePublished\":\"2019-09-02T13:55:24+00:00\",\"dateModified\":\"2023-02-06T10:02:57+00:00\",\"mainEntityOfPage\":{\"@id\":\"https:\\\/\\\/www.baysics.de\\\/derbaum4\\\/\"},\"wordCount\":478,\"publisher\":{\"@id\":\"https:\\\/\\\/www.baysics.de\\\/#organization\"},\"image\":{\"@id\":\"https:\\\/\\\/www.baysics.de\\\/derbaum4\\\/#primaryimage\"},\"thumbnailUrl\":\"https:\\\/\\\/www.baysics.de\\\/wp-content\\\/uploads\\\/2019\\\/09\\\/DSC_5715.jpg\",\"keywords\":[\"augsburg\",\"Baum 4.0\",\"Klimaforschung\"],\"articleSection\":[\"Koordination und Kommunikation\",\"Ph\u00e4nologie als Bioindikator\"],\"inLanguage\":\"en-GB\"},{\"@type\":\"WebPage\",\"@id\":\"https:\\\/\\\/www.baysics.de\\\/derbaum4\\\/\",\"url\":\"https:\\\/\\\/www.baysics.de\\\/derbaum4\\\/\",\"name\":\"Der \\\"Baum 4.0\\\" ist Online\",\"isPartOf\":{\"@id\":\"https:\\\/\\\/www.baysics.de\\\/#website\"},\"primaryImageOfPage\":{\"@id\":\"https:\\\/\\\/www.baysics.de\\\/derbaum4\\\/#primaryimage\"},\"image\":{\"@id\":\"https:\\\/\\\/www.baysics.de\\\/derbaum4\\\/#primaryimage\"},\"thumbnailUrl\":\"https:\\\/\\\/www.baysics.de\\\/wp-content\\\/uploads\\\/2019\\\/09\\\/DSC_5715.jpg\",\"datePublished\":\"2019-09-02T13:55:24+00:00\",\"dateModified\":\"2023-02-06T10:02:57+00:00\",\"description\":\"Der erste Baum 4.0 ist jetzt online. Aber was ist er nun der \\\"Baum 4.0\\\", wo steht er und wieso brauchen wir ihn?\",\"breadcrumb\":{\"@id\":\"https:\\\/\\\/www.baysics.de\\\/derbaum4\\\/#breadcrumb\"},\"inLanguage\":\"en-GB\",\"potentialAction\":[{\"@type\":\"ReadAction\",\"target\":[\"https:\\\/\\\/www.baysics.de\\\/derbaum4\\\/\"]}]},{\"@type\":\"ImageObject\",\"inLanguage\":\"en-GB\",\"@id\":\"https:\\\/\\\/www.baysics.de\\\/derbaum4\\\/#primaryimage\",\"url\":\"https:\\\/\\\/www.baysics.de\\\/wp-content\\\/uploads\\\/2019\\\/09\\\/DSC_5715.jpg\",\"contentUrl\":\"https:\\\/\\\/www.baysics.de\\\/wp-content\\\/uploads\\\/2019\\\/09\\\/DSC_5715.jpg\",\"width\":4020,\"height\":6036,\"caption\":\"Pressetermin in Augsburg mit Frau Eva Webber, Frau Prof. Annette Menzel und Herrn Dr. Marvin L\u00fcpke\"},{\"@type\":\"BreadcrumbList\",\"@id\":\"https:\\\/\\\/www.baysics.de\\\/derbaum4\\\/#breadcrumb\",\"itemListElement\":[{\"@type\":\"ListItem\",\"position\":1,\"name\":\"Startseite\",\"item\":\"https:\\\/\\\/www.baysics.de\\\/\"},{\"@type\":\"ListItem\",\"position\":2,\"name\":\"Der &#8222;Baum 4.0&#8220; ist Online\"}]},{\"@type\":\"WebSite\",\"@id\":\"https:\\\/\\\/www.baysics.de\\\/#website\",\"url\":\"https:\\\/\\\/www.baysics.de\\\/\",\"name\":\"BAYSICS\",\"description\":\"Bayerisches Synthese-Informations-Citizen Science Portal f\u00fcr Klimaforschung und Wissenschaftskommunikation\",\"publisher\":{\"@id\":\"https:\\\/\\\/www.baysics.de\\\/#organization\"},\"potentialAction\":[{\"@type\":\"SearchAction\",\"target\":{\"@type\":\"EntryPoint\",\"urlTemplate\":\"https:\\\/\\\/www.baysics.de\\\/?s={search_term_string}\"},\"query-input\":{\"@type\":\"PropertyValueSpecification\",\"valueRequired\":true,\"valueName\":\"search_term_string\"}}],\"inLanguage\":\"en-GB\"},{\"@type\":\"Organization\",\"@id\":\"https:\\\/\\\/www.baysics.de\\\/#organization\",\"name\":\"BAYSICS\",\"url\":\"https:\\\/\\\/www.baysics.de\\\/\",\"logo\":{\"@type\":\"ImageObject\",\"inLanguage\":\"en-GB\",\"@id\":\"https:\\\/\\\/www.baysics.de\\\/#\\\/schema\\\/logo\\\/image\\\/\",\"url\":\"https:\\\/\\\/www.baysics.de\\\/wp-content\\\/uploads\\\/2018\\\/11\\\/Logo_schrift_large@3x.png\",\"contentUrl\":\"https:\\\/\\\/www.baysics.de\\\/wp-content\\\/uploads\\\/2018\\\/11\\\/Logo_schrift_large@3x.png\",\"width\":1068,\"height\":300,\"caption\":\"BAYSICS\"},\"image\":{\"@id\":\"https:\\\/\\\/www.baysics.de\\\/#\\\/schema\\\/logo\\\/image\\\/\"},\"sameAs\":[\"https:\\\/\\\/x.com\\\/baysics_portal\",\"https:\\\/\\\/www.instagram.com\\\/baysics_portal\\\/\"]},{\"@type\":\"Person\",\"@id\":\"https:\\\/\\\/www.baysics.de\\\/#\\\/schema\\\/person\\\/00d88e34ecccd578a8fb9db0d4d5dc2d\",\"name\":\"Alissa L\u00fcpke\",\"image\":{\"@type\":\"ImageObject\",\"inLanguage\":\"en-GB\",\"@id\":\"https:\\\/\\\/secure.gravatar.com\\\/avatar\\\/1bfe3d9e7a023e4cda1abdd4256090ffe5b5b44e75c7bab3c39dabb25203e8dd?s=96&d=mm&r=g\",\"url\":\"https:\\\/\\\/secure.gravatar.com\\\/avatar\\\/1bfe3d9e7a023e4cda1abdd4256090ffe5b5b44e75c7bab3c39dabb25203e8dd?s=96&d=mm&r=g\",\"contentUrl\":\"https:\\\/\\\/secure.gravatar.com\\\/avatar\\\/1bfe3d9e7a023e4cda1abdd4256090ffe5b5b44e75c7bab3c39dabb25203e8dd?s=96&d=mm&r=g\",\"caption\":\"Alissa L\u00fcpke\"}}]}<\/script>\n<!-- \/ Yoast SEO plugin. -->","yoast_head_json":{"title":"Der \"Baum 4.0\" ist Online","description":"Der erste Baum 4.0 ist jetzt online. Aber was ist er nun der \"Baum 4.0\", wo steht er und wieso brauchen wir ihn?","robots":{"index":"index","follow":"follow","max-snippet":"max-snippet:-1","max-image-preview":"max-image-preview:large","max-video-preview":"max-video-preview:-1"},"canonical":"https:\/\/www.baysics.de\/en\/derbaum4\/","og_locale":"en_GB","og_type":"article","og_title":"Der \"Baum 4.0\" ist Online","og_description":"Der erste Baum 4.0 ist jetzt online. Aber was ist er nun der \"Baum 4.0\", wo steht er und wieso brauchen wir ihn?","og_url":"https:\/\/www.baysics.de\/en\/derbaum4\/","og_site_name":"BAYSICS","article_published_time":"2019-09-02T13:55:24+00:00","article_modified_time":"2023-02-06T10:02:57+00:00","og_image":[{"width":682,"height":1024,"url":"https:\/\/www.baysics.de\/wp-content\/uploads\/2019\/09\/DSC_5715-682x1024.jpg","type":"image\/jpeg"}],"author":"Alissa L\u00fcpke","twitter_card":"summary_large_image","twitter_description":"Der erste Baum 4.0 ist jetzt online. Aber was ist er nun der \"Baum 4.0\", wo steht er und wieso brauchen wir ihn?","twitter_image":"https:\/\/www.baysics.de\/wp-content\/uploads\/2019\/09\/DSC_5709.jpg","twitter_creator":"@baysics_portal","twitter_site":"@baysics_portal","twitter_misc":{"Written by":"Alissa L\u00fcpke","Estimated reading time":"5 minutes"},"schema":{"@context":"https:\/\/schema.org","@graph":[{"@type":"Article","@id":"https:\/\/www.baysics.de\/derbaum4\/#article","isPartOf":{"@id":"https:\/\/www.baysics.de\/derbaum4\/"},"author":{"name":"Alissa L\u00fcpke","@id":"https:\/\/www.baysics.de\/#\/schema\/person\/00d88e34ecccd578a8fb9db0d4d5dc2d"},"headline":"Der &#8222;Baum 4.0&#8220; ist Online","datePublished":"2019-09-02T13:55:24+00:00","dateModified":"2023-02-06T10:02:57+00:00","mainEntityOfPage":{"@id":"https:\/\/www.baysics.de\/derbaum4\/"},"wordCount":478,"publisher":{"@id":"https:\/\/www.baysics.de\/#organization"},"image":{"@id":"https:\/\/www.baysics.de\/derbaum4\/#primaryimage"},"thumbnailUrl":"https:\/\/www.baysics.de\/wp-content\/uploads\/2019\/09\/DSC_5715.jpg","keywords":["augsburg","Baum 4.0","Klimaforschung"],"articleSection":["Koordination und Kommunikation","Ph\u00e4nologie als Bioindikator"],"inLanguage":"en-GB"},{"@type":"WebPage","@id":"https:\/\/www.baysics.de\/derbaum4\/","url":"https:\/\/www.baysics.de\/derbaum4\/","name":"Der \"Baum 4.0\" ist Online","isPartOf":{"@id":"https:\/\/www.baysics.de\/#website"},"primaryImageOfPage":{"@id":"https:\/\/www.baysics.de\/derbaum4\/#primaryimage"},"image":{"@id":"https:\/\/www.baysics.de\/derbaum4\/#primaryimage"},"thumbnailUrl":"https:\/\/www.baysics.de\/wp-content\/uploads\/2019\/09\/DSC_5715.jpg","datePublished":"2019-09-02T13:55:24+00:00","dateModified":"2023-02-06T10:02:57+00:00","description":"Der erste Baum 4.0 ist jetzt online. Aber was ist er nun der \"Baum 4.0\", wo steht er und wieso brauchen wir ihn?","breadcrumb":{"@id":"https:\/\/www.baysics.de\/derbaum4\/#breadcrumb"},"inLanguage":"en-GB","potentialAction":[{"@type":"ReadAction","target":["https:\/\/www.baysics.de\/derbaum4\/"]}]},{"@type":"ImageObject","inLanguage":"en-GB","@id":"https:\/\/www.baysics.de\/derbaum4\/#primaryimage","url":"https:\/\/www.baysics.de\/wp-content\/uploads\/2019\/09\/DSC_5715.jpg","contentUrl":"https:\/\/www.baysics.de\/wp-content\/uploads\/2019\/09\/DSC_5715.jpg","width":4020,"height":6036,"caption":"Pressetermin in Augsburg mit Frau Eva Webber, Frau Prof. Annette Menzel und Herrn Dr. Marvin L\u00fcpke"},{"@type":"BreadcrumbList","@id":"https:\/\/www.baysics.de\/derbaum4\/#breadcrumb","itemListElement":[{"@type":"ListItem","position":1,"name":"Startseite","item":"https:\/\/www.baysics.de\/"},{"@type":"ListItem","position":2,"name":"Der &#8222;Baum 4.0&#8220; ist Online"}]},{"@type":"WebSite","@id":"https:\/\/www.baysics.de\/#website","url":"https:\/\/www.baysics.de\/","name":"BAYSICS","description":"Bayerisches Synthese-Informations-Citizen Science Portal f\u00fcr Klimaforschung und Wissenschaftskommunikation","publisher":{"@id":"https:\/\/www.baysics.de\/#organization"},"potentialAction":[{"@type":"SearchAction","target":{"@type":"EntryPoint","urlTemplate":"https:\/\/www.baysics.de\/?s={search_term_string}"},"query-input":{"@type":"PropertyValueSpecification","valueRequired":true,"valueName":"search_term_string"}}],"inLanguage":"en-GB"},{"@type":"Organization","@id":"https:\/\/www.baysics.de\/#organization","name":"BAYSICS","url":"https:\/\/www.baysics.de\/","logo":{"@type":"ImageObject","inLanguage":"en-GB","@id":"https:\/\/www.baysics.de\/#\/schema\/logo\/image\/","url":"https:\/\/www.baysics.de\/wp-content\/uploads\/2018\/11\/Logo_schrift_large@3x.png","contentUrl":"https:\/\/www.baysics.de\/wp-content\/uploads\/2018\/11\/Logo_schrift_large@3x.png","width":1068,"height":300,"caption":"BAYSICS"},"image":{"@id":"https:\/\/www.baysics.de\/#\/schema\/logo\/image\/"},"sameAs":["https:\/\/x.com\/baysics_portal","https:\/\/www.instagram.com\/baysics_portal\/"]},{"@type":"Person","@id":"https:\/\/www.baysics.de\/#\/schema\/person\/00d88e34ecccd578a8fb9db0d4d5dc2d","name":"Alissa L\u00fcpke","image":{"@type":"ImageObject","inLanguage":"en-GB","@id":"https:\/\/secure.gravatar.com\/avatar\/1bfe3d9e7a023e4cda1abdd4256090ffe5b5b44e75c7bab3c39dabb25203e8dd?s=96&d=mm&r=g","url":"https:\/\/secure.gravatar.com\/avatar\/1bfe3d9e7a023e4cda1abdd4256090ffe5b5b44e75c7bab3c39dabb25203e8dd?s=96&d=mm&r=g","contentUrl":"https:\/\/secure.gravatar.com\/avatar\/1bfe3d9e7a023e4cda1abdd4256090ffe5b5b44e75c7bab3c39dabb25203e8dd?s=96&d=mm&r=g","caption":"Alissa L\u00fcpke"}}]}},"_links":{"self":[{"href":"https:\/\/www.baysics.de\/en\/wp-json\/wp\/v2\/posts\/1284","targetHints":{"allow":["GET"]}}],"collection":[{"href":"https:\/\/www.baysics.de\/en\/wp-json\/wp\/v2\/posts"}],"about":[{"href":"https:\/\/www.baysics.de\/en\/wp-json\/wp\/v2\/types\/post"}],"author":[{"embeddable":true,"href":"https:\/\/www.baysics.de\/en\/wp-json\/wp\/v2\/users\/2"}],"replies":[{"embeddable":true,"href":"https:\/\/www.baysics.de\/en\/wp-json\/wp\/v2\/comments?post=1284"}],"version-history":[{"count":73,"href":"https:\/\/www.baysics.de\/en\/wp-json\/wp\/v2\/posts\/1284\/revisions"}],"predecessor-version":[{"id":4456,"href":"https:\/\/www.baysics.de\/en\/wp-json\/wp\/v2\/posts\/1284\/revisions\/4456"}],"wp:featuredmedia":[{"embeddable":true,"href":"https:\/\/www.baysics.de\/en\/wp-json\/wp\/v2\/media\/1286"}],"wp:attachment":[{"href":"https:\/\/www.baysics.de\/en\/wp-json\/wp\/v2\/media?parent=1284"}],"wp:term":[{"taxonomy":"category","embeddable":true,"href":"https:\/\/www.baysics.de\/en\/wp-json\/wp\/v2\/categories?post=1284"},{"taxonomy":"post_tag","embeddable":true,"href":"https:\/\/www.baysics.de\/en\/wp-json\/wp\/v2\/tags?post=1284"}],"curies":[{"name":"wp","href":"https:\/\/api.w.org\/{rel}","templated":true}]}}